{"id":355040,"date":"2026-08-27T17:54:01","date_gmt":"2026-08-27T17:54:01","guid":{"rendered":"https:\/\/www.europesays.com\/se\/355040\/"},"modified":"2026-08-27T17:54:01","modified_gmt":"2026-08-27T17:54:01","slug":"kullgren-fixar-snapsen-till-kraftskivan-pa-harpsund-lagger-nasan-i-blot","status":"publish","type":"post","link":"https:\/\/www.europesays.com\/se\/355040\/","title":{"rendered":"Kullgren fixar snapsen till kr\u00e4ftskivan p\u00e5 Harpsund: \u201dL\u00e4gger n\u00e4san i bl\u00f6t\u201d"},"content":{"rendered":"<p>Uppdaterad 27 aug 2026 kl 19.46Publicerad 27 aug 2026 kl 16.06<\/p>\n<p>P\u00e5 torsdagen bjuds regeringen p\u00e5 kr\u00e4ftskiva hos Kristersson p\u00e5 Harpsund.<\/p>\n<p>Men n\u00e5gon snaps st\u00e5r inte p\u00e5 bordet.<\/p>\n<p>I st\u00e4llet \u00e4r det i \u00e5r landsbygdsminister Peter Kullgren som fixar starkspriten.<\/p>\n<p>\u2013 Det \u00e4r klart, s\u00e4ger han.<\/p>\n<p>Senaste politikklippen i Expressen<img   alt=\"\"\/><\/p>\n<p>Landsbygdsminister Peter Kullgren (KD), till v\u00e4nster.<\/p>\n<p>Foto: Christine Olsson\/TT<\/p>\n<p>\u00d6ppna bild i helsk\u00e4rm<img loading=\"lazy\"   alt=\"\"\/><\/p>\n<p>Ministrarna tar sig ett dopp i sj\u00f6n.<\/p>\n<p>Foto: Janne \u00c5kesson \/ Swepix<\/p>\n<p>\u00d6ppna bild i helsk\u00e4rm<img loading=\"lazy\"   alt=\"\"\/><\/p>\n<p>Simona Mohamsson \u00e4r inte p\u00e5 plats p\u00e5 Harpsund.<\/p>\n<p>Foto: ANNA-KARIN NILSSON<\/p>\n<p>\u00d6ppna bild i helsk\u00e4rm<\/p>\n<p>Ingen sprit p\u00e5 regeringens nota.<\/p>\n<p>N\u00e4r regeringen samlas f\u00f6r kr\u00e4ftskiva p\u00e5 statsministerns semesterbostad Harpsund f\u00e5r de klara sig med \u00f6l, vin och l\u00e4sk.<\/p>\n<p>Den som vill bjuda p\u00e5 en nubbe till kr\u00e4ftorna f\u00e5r ta med det sj\u00e4lv. I \u00e5r \u00e4r det landsbygdsminister Peter Kullgren (KD) som skridit till verket.<\/p>\n<p>\u2013 Ja, jag \u00e4r ju matminister s\u00e5 det \u00e4r klart att jag l\u00e4gger n\u00e4san i bl\u00f6t, s\u00e4ger han.<\/p>\n<p>Klassiska tillbeh\u00f6r och s\u00e5s<\/p>\n<p>Kr\u00e4ftskivan h\u00e5lls p\u00e5 torsdagskv\u00e4llen efter regeringens sammantr\u00e4de.<\/p>\n<p>\u2013 Och i \u00e5r blir det med ganska klassiska tillbeh\u00f6r. Pajer, olika sallader, ett gott br\u00f6d, lite olika s\u00e5ser och allt som man kan vilja ha.<\/p>\n<p>Kv\u00e4llens meny<\/p>\n<p>F\u00f6rr\u00e4ttstallrik<\/p>\n<p>Rostbiff p\u00e5 innanl\u00e5r fr\u00e5n Harpsunds g\u00e5rd<\/p>\n<p>Rostade betor med Astri &amp; mandelpotatis fr\u00e5n tr\u00e4dg\u00e5rdslandet<\/p>\n<p>Syrad r\u00f6dl\u00f6k fr\u00e5n tr\u00e4dg\u00e5rdslandet<\/p>\n<p>Friterad kapris<\/p>\n<p>Kantarellpaj gjord p\u00e5 kantareller fr\u00e5n Harpsundsskogen<\/p>\n<p>Huvudr\u00e4tt<\/p>\n<p>Kr\u00e4ftor fr\u00e5n Hj\u00e4lmaren<\/p>\n<p>Bj\u00f6rnost &amp; S\u00f6rmlands \u00e4del fr\u00e5n Jurss mejeri<\/p>\n<p>Kex<\/p>\n<p>Valn\u00f6tsbr\u00f6d fr\u00e5n Brukets Stenugnsbageri<\/p>\n<p>Dessert<\/p>\n<p>\u00c4ppeltarte p\u00e5 Harpsunds \u00e4pplen med hemf\u00f6rd vaniljs\u00e5s<\/p>\n<p>Dryck<\/p>\n<p>Xavier Vignon Vacqueyras, r\u00f6tt vin<\/p>\n<p>Bourgogne Jurassique Chardonnay, vitt vin<\/p>\n<p>Nils Oscar, Nyk\u00f6pings \u00f6l<\/p>\n<p>Alkoholfria alternativ finns<\/p>\n<p>Visa mer<\/p>\n<p>Det tillh\u00f6r traditionen att n\u00e5gra toppolitiker tar med sig egenk\u00f6pt snaps.<\/p>\n<p>\u2013 Det \u00e4r inte bara jag \u00e4ven om jag sj\u00e4lvklart ser till att ocks\u00e5 ta mitt ansvar. Kr\u00e4ftor kr\u00e4ver ju vissa drycker, s\u00e4ger Peter Kullgren.<\/p>\n<p>I \u00e5r tar han med sig tv\u00e5 olika snapsar fr\u00e5n Norrt\u00e4lje br\u00e4nneri. B\u00e5da \u00e4r k\u00f6pta via g\u00e5rdsf\u00f6rs\u00e4ljning.<\/p>\n<p>\u2013 Jag har f\u00e5tt tag i en flaska av deras snart utg\u00e5ende smaker. Den kommer man inte kunna f\u00e5 tag i s\u00e5 mycket mer men den tycker jag att mina statsr\u00e5dskolleger \u00e4r v\u00e4rda. Det \u00e4r en citronsnaps som jag vet \u00e4r v\u00e4ldigt trevlig. Den andra \u00e4r en dill- och r\u00f6nnb\u00e4rssnaps och passar extremt bra till kr\u00e4ftor.<\/p>\n<p><img loading=\"lazy\"   alt=\"\"\/><\/p>\n<p>En tur i den ber\u00f6mda Harpsundsekan med bland andra Camilla Waltersson Gr\u00f6nvall och Benjamin Dousa.<\/p>\n<p>Foto: Janne \u00c5kesson \/ Swepix<\/p>\n<p>\u00d6ppna bild i helsk\u00e4rmV\u00e4rml\u00e4ndsk tvist i Kullgrens paj<\/p>\n<p>Kr\u00e4ftskivan p\u00e5 Harpsund \u00e4ger rum p\u00e5 \u00e5rsdagen f\u00f6r folkomr\u00f6stningen om ett totalf\u00f6rbud f\u00f6r alkohol 1922. Att man beh\u00f6ver snaps och starksprit till kr\u00e4ftskivan var budskapet p\u00e5 en k\u00e4nd valaffisch fr\u00e5n omr\u00f6stningen.<\/p>\n<p>\u00c4n i dag \u00e4r kr\u00e4ftskivan en viktig del av svensk matkultur, framh\u00e5ller Peter Kullgren.<\/p>\n<p>\u2013 Och framf\u00f6r allt det fantastiskt trevligt och gott.<\/p>\n<p>Sj\u00e4lv \u00e4r han ganska traditionell n\u00e4r det kommer till vad som ska serveras.<\/p>\n<p>\u2013 Men ostarna tycker jag \u00e4r extremt viktiga p\u00e5 en kr\u00e4ftskiva. Det ska sj\u00e4lvklart vara en klassisk paj med v\u00e4sterbottensost. Och d\u00e5 ska det vara ordentligt med ost i pajen.\u00a0<\/p>\n<p>Men p\u00e5 en punkt avviker Peter Kullgren, avsl\u00f6jar han f\u00f6r Expressen.<\/p>\n<p>\u2013 Jag brukar tvista till det och blanda V\u00e4rmland med Norrland, tv\u00e5 fantastiska delar av Sverige. Jag blandar ner lite v\u00e4rml\u00e4ndska kantareller i min v\u00e4sterbottenpaj.\u00a0<\/p>\n<p>D\u00e4rf\u00f6r saknades Mohamsson<\/p>\n<p>Men n\u00e4r regeringen \u00f6verl\u00e4gger saknas utbildnings- och integrationsminister Simona Mohamsson.<\/p>\n<p>L-ledaren kommer inte att delta alls och missar allts\u00e5 b\u00e5de m\u00f6tet och den efterf\u00f6ljande kr\u00e4ftskivan. Till Expressen kommenterar nu Mohamsson sin fr\u00e5nvaro.<\/p>\n<p>\u2013 Alla partiledare som inte har Ebbas siffror f\u00e5r nog v\u00e4nta med Harpsundsbastun till efter valet. Mitt fokus \u00e4r att vara ute bland v\u00e4ljarna och ber\u00e4tta om hur L vill h\u00f6ja l\u00e4rarl\u00f6nerna, s\u00e4ger Simona Mohamsson.<\/p>\n<p>Ist\u00e4llet f\u00f6r att \u00e5ka ut till ministerkollegorna p\u00e5 Harpsund har Mohamsson haft tre kampanjbes\u00f6k, bes\u00f6kt en skola, presenterat f\u00f6rslag f\u00f6r att stoppa antisemitismen och knackat d\u00f6rr.<\/p>\n<p><strong>L\u00c4S MER: <\/strong><a href=\"https:\/\/www.expressen.se\/nyheter\/politik\/kvittona-avslojar-det-angsliga-snackset\/\" class=\"premium-link\" rel=\"nofollow noopener\" target=\"_blank\">Premium Kvittona visar: Det bjuder Kristersson g\u00e4sterna p\u00e5<\/a><\/p>\n","protected":false},"excerpt":{"rendered":"Uppdaterad 27 aug 2026 kl 19.46Publicerad 27 aug 2026 kl 16.06 P\u00e5 torsdagen bjuds regeringen p\u00e5 kr\u00e4ftskiva hos&hellip;\n","protected":false},"author":2,"featured_media":355041,"comment_status":"","ping_status":"","sticky":false,"template":"","format":"standard","meta":{"footnotes":"","_share_on_mastodon":"0"},"categories":[12],"tags":[22,23,26,27,6105,17,21,24,25,28,29,15,16,369,3409,18,34,31,33,32,30,19,20],"class_list":["post-355040","post","type-post","status-publish","format-standard","has-post-thumbnail","category-sverige","tag-breaking-news","tag-breakingnews","tag-featured-news","tag-featurednews","tag-harpsund","tag-headlines","tag-huvudnyheter","tag-latest-news","tag-latestnews","tag-main-news","tag-mainnews","tag-news","tag-nyheter","tag-politik","tag-regeringen","tag-rubriker","tag-se","tag-svenska","tag-sverige","tag-sweden","tag-swedish","tag-top-stories","tag-topstories"],"share_on_mastodon":{"url":"https:\/\/pubeurope.com\/@se\/117168758007571367","error":""},"_links":{"self":[{"href":"https:\/\/www.europesays.com\/se\/wp-json\/wp\/v2\/posts\/355040","targetHints":{"allow":["GET"]}}],"collection":[{"href":"https:\/\/www.europesays.com\/se\/wp-json\/wp\/v2\/posts"}],"about":[{"href":"https:\/\/www.europesays.com\/se\/wp-json\/wp\/v2\/types\/post"}],"author":[{"embeddable":true,"href":"https:\/\/www.europesays.com\/se\/wp-json\/wp\/v2\/users\/2"}],"replies":[{"embeddable":true,"href":"https:\/\/www.europesays.com\/se\/wp-json\/wp\/v2\/comments?post=355040"}],"version-history":[{"count":0,"href":"https:\/\/www.europesays.com\/se\/wp-json\/wp\/v2\/posts\/355040\/revisions"}],"wp:featuredmedia":[{"embeddable":true,"href":"https:\/\/www.europesays.com\/se\/wp-json\/wp\/v2\/media\/355041"}],"wp:attachment":[{"href":"https:\/\/www.europesays.com\/se\/wp-json\/wp\/v2\/media?parent=355040"}],"wp:term":[{"taxonomy":"category","embeddable":true,"href":"https:\/\/www.europesays.com\/se\/wp-json\/wp\/v2\/categories?post=355040"},{"taxonomy":"post_tag","embeddable":true,"href":"https:\/\/www.europesays.com\/se\/wp-json\/wp\/v2\/tags?post=355040"}],"curies":[{"name":"wp","href":"https:\/\/api.w.org\/{rel}","templated":true}]}}