{"id":355094,"date":"2026-08-27T18:38:14","date_gmt":"2026-08-27T18:38:14","guid":{"rendered":"https:\/\/www.europesays.com\/se\/355094\/"},"modified":"2026-08-27T18:38:14","modified_gmt":"2026-08-27T18:38:14","slug":"tidosamarbetet-faller-samman-men-en-lang-host-kan-gynna-ulf-kristersson","status":"publish","type":"post","link":"https:\/\/www.europesays.com\/se\/355094\/","title":{"rendered":"Tid\u00f6samarbetet faller samman \u2013 men en l\u00e5ng h\u00f6st kan gynna Ulf Kristersson."},"content":{"rendered":"<p>  <a href=\"https:\/\/www.svd.se\/av\/torbjorn-nilsson\" title=\"Torbj\u00f6rn Nilsson\" rel=\"nofollow noopener\" target=\"_blank\"><img decoding=\"async\" alt=\"Torbj\u00f6rn Nilsson\" class=\"_image_12vp2_69\" loading=\"lazy\"  src=\"https:\/\/www.europesays.com\/se\/wp-content\/uploads\/2026\/08\/1787855894_852_126e3b96-81c7-49b5-bd1b-7ffa32f79e7a.png\"  width=\"40\"\/><\/a><img alt=\"\" class=\"_image_1jxax_84 layout-component layout-wide\" data-fullscreen- data-track-element-type=\"Article image fullscreen\" data-track-name=\"ImageFullscreen\" fetchpriority=\"high\" decoding=\"sync\" loading=\"eager\" height=\"3333\" itemprop=\"image\"  src=\"https:\/\/www.europesays.com\/se\/wp-content\/uploads\/2026\/08\/19978917-b4a4-3467-84a1-40690678cf44.jpeg\"  style=\"object-position:0% 0%\" width=\"5000\"\/><\/p>\n<p class=\"_textTheme_zldsx_1 _lead_16k26_2 _lead_3ue4t_18 layout-component layout-normal layout-padded _lead_o6m9k_5 _leadTheme_1q6sv_1 body-large bold\">Tid\u00f6samarbetet faller samman inf\u00f6r \u00f6ppen rid\u00e5. Men vad de fyra partierna skapat tillsammans kommer inte att f\u00f6rsvinna s\u00e5 fort.<\/p>\n<p class=\"_textTheme_zldsx_1 _paragraph_16k26_4 _paragraph_3ue4t_27 layout-component layout-normal\">Detta \u00e4r en kommentar. Eventuella \u00e5sikter som uttrycks \u00e4r skribentens egna.<\/p>\n<p class=\"_textTheme_zldsx_1 _paragraph_16k26_4 _paragraph_3ue4t_27 layout-component layout-normal layout-padded body-medium\"><strong class=\"_strong_16k26_20\">HARPSUND<\/strong> Det \u00e4r en torsdag i en valr\u00f6relse och p\u00e5 trappan i Kork-Wicanders gamla k\u00e5k sitter finansminister Svantesson med sin p\u00e4rm.<\/p>\n<p class=\"_textTheme_zldsx_1 _paragraph_16k26_4 _paragraph_3ue4t_27 layout-component layout-normal layout-padded body-medium\">\u2013 Det ljusnar, s\u00e4ger hon.<\/p>\n","protected":false},"excerpt":{"rendered":"Tid\u00f6samarbetet faller samman inf\u00f6r \u00f6ppen rid\u00e5. Men vad de fyra partierna skapat tillsammans kommer inte att f\u00f6rsvinna s\u00e5&hellip;\n","protected":false},"author":2,"featured_media":355095,"comment_status":"","ping_status":"","sticky":false,"template":"","format":"standard","meta":{"footnotes":"","_share_on_mastodon":"0"},"categories":[5],"tags":[22,23,26,27,6105,17,21,24,25,28,29,15,16,18,34,31,33,32,30,19,20],"class_list":["post-355094","post","type-post","status-publish","format-standard","has-post-thumbnail","category-rubriker","tag-breaking-news","tag-breakingnews","tag-featured-news","tag-featurednews","tag-harpsund","tag-headlines","tag-huvudnyheter","tag-latest-news","tag-latestnews","tag-main-news","tag-mainnews","tag-news","tag-nyheter","tag-rubriker","tag-se","tag-svenska","tag-sverige","tag-sweden","tag-swedish","tag-top-stories","tag-topstories"],"share_on_mastodon":{"url":"https:\/\/pubeurope.com\/@se\/117168931682948983","error":""},"_links":{"self":[{"href":"https:\/\/www.europesays.com\/se\/wp-json\/wp\/v2\/posts\/355094","targetHints":{"allow":["GET"]}}],"collection":[{"href":"https:\/\/www.europesays.com\/se\/wp-json\/wp\/v2\/posts"}],"about":[{"href":"https:\/\/www.europesays.com\/se\/wp-json\/wp\/v2\/types\/post"}],"author":[{"embeddable":true,"href":"https:\/\/www.europesays.com\/se\/wp-json\/wp\/v2\/users\/2"}],"replies":[{"embeddable":true,"href":"https:\/\/www.europesays.com\/se\/wp-json\/wp\/v2\/comments?post=355094"}],"version-history":[{"count":0,"href":"https:\/\/www.europesays.com\/se\/wp-json\/wp\/v2\/posts\/355094\/revisions"}],"wp:featuredmedia":[{"embeddable":true,"href":"https:\/\/www.europesays.com\/se\/wp-json\/wp\/v2\/media\/355095"}],"wp:attachment":[{"href":"https:\/\/www.europesays.com\/se\/wp-json\/wp\/v2\/media?parent=355094"}],"wp:term":[{"taxonomy":"category","embeddable":true,"href":"https:\/\/www.europesays.com\/se\/wp-json\/wp\/v2\/categories?post=355094"},{"taxonomy":"post_tag","embeddable":true,"href":"https:\/\/www.europesays.com\/se\/wp-json\/wp\/v2\/tags?post=355094"}],"curies":[{"name":"wp","href":"https:\/\/api.w.org\/{rel}","templated":true}]}}