{"id":355100,"date":"2026-08-27T18:43:12","date_gmt":"2026-08-27T18:43:12","guid":{"rendered":"https:\/\/www.europesays.com\/se\/355100\/"},"modified":"2026-08-27T18:43:12","modified_gmt":"2026-08-27T18:43:12","slug":"donald-trumps-doper-om-ontariosjon-i-handelsbraket-med-kanada","status":"publish","type":"post","link":"https:\/\/www.europesays.com\/se\/355100\/","title":{"rendered":"Donald Trumps d\u00f6per om Ontariosj\u00f6n i handelsbr\u00e5ket med Kanada"},"content":{"rendered":"<p>Lake Ontario blir Lake America.<\/p>\n<p>I alla fall om Donald Trump f\u00e5r best\u00e4mma.<\/p>\n<p>Det \u00e4r den amerikanska presidentens senaste drag i handelsbr\u00e5ket med Kanada.<\/p>\n<p>Trump \u201dd\u00f6per om\u201d \u00e4nnu ett omr\u00e5de.<img   alt=\"\"\/><\/p>\n<p>H\u00e4r d\u00f6per Donald Trump om gr\u00e4nssj\u00f6n.<\/p>\n<p>Foto: AL DRAGO\/UPI\/SHUTTERSTOCK<\/p>\n<p>\u00d6ppna bild i helsk\u00e4rm<\/p>\n<p>P\u00e5 torsdagen har Donald Trump skrivit under en exekutiv order om att Ontariosj\u00f6n \u2013 som ligger p\u00e5 gr\u00e4nsen mellan den kanadensiska provinsen Ontario och den amerikanska delstaten New York \u2013 \u201domedelbart\u201d ska byta namn till Amerikasj\u00f6n.<\/p>\n<p>Det rapporterar bland andra <a href=\"https:\/\/www.cnbc.com\/2026\/08\/27\/trump-canada-lake-america-ontario.html\" rel=\"nofollow noopener\" target=\"_blank\">CNBC<\/a>.<\/p>\n<p>Under de senaste dagarna har Trump upprepade g\u00e5nger hotat att genomf\u00f6ra namnbytet, men enligt CNBC har det fram till nu varit oklart om han verkligen menat allvar.<\/p>\n<p>Strandade handelssamtal<\/p>\n<p>Beskedet kommer efter att handelssamtalen mellan Washington och Ottawa strandat, vilket i sin tur har lett till nya tullar och en f\u00f6rs\u00e4mrad relation l\u00e4nderna emellan. Senast i tisdags <a href=\"https:\/\/www.expressen.se\/nyheter\/expressen-direkt\/?post=2c570868-b10e-4ed3-953d-2cba9668fb96\" rel=\"nofollow noopener\" target=\"_blank\">presenterade Kanada h\u00e4mndtullar <\/a>p\u00e5 runt 700 amerikanska varor till ett v\u00e4rde av cirka 20 miljarder dollar.<\/p>\n<p>I samband med att Trump skrev under ordern ska en reporter ha fr\u00e5gat vilket buskap han ville skicka med \u00e5tg\u00e4rden, skriver CNBC.<\/p>\n<p>Svaret:<\/p>\n<p>\u2013 Inget buskap.<\/p>\n<p>Sen:<\/p>\n<p>\u2013 <a href=\"https:\/\/www.expressen.se\/tagg\/location\/kanada\/\" class=\"\" rel=\"nofollow noopener\" target=\"_blank\">Kanada<\/a> har under en l\u00e5ng tid bl\u00e5st oss n\u00e4r det kommer till handel. De betalar inte f\u00f6r n\u00e5gonting och de vill behandlas som en (amerikansk) delstat, men de \u00e4r inte en delstat.<\/p>\n","protected":false},"excerpt":{"rendered":"Lake Ontario blir Lake America. I alla fall om Donald Trump f\u00e5r best\u00e4mma. Det \u00e4r den amerikanska presidentens&hellip;\n","protected":false},"author":2,"featured_media":355101,"comment_status":"","ping_status":"","sticky":false,"template":"","format":"standard","meta":{"footnotes":"","_share_on_mastodon":"0"},"categories":[65],"tags":[387,72,385,70,71,1091,34,31,33,32,30,32225,74,552,51],"class_list":["post-355100","post","type-post","status-publish","format-standard","has-post-thumbnail","category-ekonomi","tag-amerikansk-politik","tag-business","tag-donald-trump","tag-economy","tag-ekonomi","tag-kanada","tag-se","tag-svenska","tag-sverige","tag-sweden","tag-swedish","tag-trump-administrationen","tag-usa","tag-utrikespolitik","tag-varlden"],"share_on_mastodon":{"url":"https:\/\/pubeurope.com\/@se\/117168950583829132","error":""},"_links":{"self":[{"href":"https:\/\/www.europesays.com\/se\/wp-json\/wp\/v2\/posts\/355100","targetHints":{"allow":["GET"]}}],"collection":[{"href":"https:\/\/www.europesays.com\/se\/wp-json\/wp\/v2\/posts"}],"about":[{"href":"https:\/\/www.europesays.com\/se\/wp-json\/wp\/v2\/types\/post"}],"author":[{"embeddable":true,"href":"https:\/\/www.europesays.com\/se\/wp-json\/wp\/v2\/users\/2"}],"replies":[{"embeddable":true,"href":"https:\/\/www.europesays.com\/se\/wp-json\/wp\/v2\/comments?post=355100"}],"version-history":[{"count":0,"href":"https:\/\/www.europesays.com\/se\/wp-json\/wp\/v2\/posts\/355100\/revisions"}],"wp:featuredmedia":[{"embeddable":true,"href":"https:\/\/www.europesays.com\/se\/wp-json\/wp\/v2\/media\/355101"}],"wp:attachment":[{"href":"https:\/\/www.europesays.com\/se\/wp-json\/wp\/v2\/media?parent=355100"}],"wp:term":[{"taxonomy":"category","embeddable":true,"href":"https:\/\/www.europesays.com\/se\/wp-json\/wp\/v2\/categories?post=355100"},{"taxonomy":"post_tag","embeddable":true,"href":"https:\/\/www.europesays.com\/se\/wp-json\/wp\/v2\/tags?post=355100"}],"curies":[{"name":"wp","href":"https:\/\/api.w.org\/{rel}","templated":true}]}}