{"id":355538,"date":"2026-08-28T06:15:18","date_gmt":"2026-08-28T06:15:18","guid":{"rendered":"https:\/\/www.europesays.com\/se\/355538\/"},"modified":"2026-08-28T06:15:18","modified_gmt":"2026-08-28T06:15:18","slug":"skolfranvaron-ett-vaxande-problem-djupt-oroande","status":"publish","type":"post","link":"https:\/\/www.europesays.com\/se\/355538\/","title":{"rendered":"Skolfr\u00e5nvaron ett v\u00e4xande problem \u2013 \u201ddjupt oroande\u201d"},"content":{"rendered":"<p>Tr\u00f6skeln f\u00f6r att stanna hemma fr\u00e5n skolan har s\u00e4nkts efter coronapandemin. Det vittnar flera kommuner om i en unders\u00f6kning som P4 V\u00e4rmland har gjort. <\/p>\n<p>I snitt var fr\u00e5nvaron bland alla elever drygt tio procent, och flera skolledare beskriver fr\u00e5nvaron som ett v\u00e4xande problem. Rektorn Tony Storm i Kristinehamn talar om en kulturf\u00f6r\u00e4ndring efter pandemin, <\/p>\n<p>\u2013 Det \u00e4r djupt oroande att den normen b\u00f6rjar s\u00e4tta sig, s\u00e4ger han.<\/p>\n<p>Omni \u00e4r politiskt obundna och oberoende. Vi str\u00e4var efter att ge fler perspektiv p\u00e5 nyheterna. Har du fr\u00e5gor eller synpunkter kring v\u00e5r rapportering? <a href=\"https:\/\/omni.se\/skolfranvaron-ett-vaxande-problem-djupt-oroande\/a\/mailto:redaktion@omni.se\" class=\"ArticleActions-module-scss-module__w9u9BG__contactLink\" rel=\"nofollow noopener\" target=\"_blank\">Kontakta redaktionen<\/a><\/p>\n","protected":false},"excerpt":{"rendered":"Tr\u00f6skeln f\u00f6r att stanna hemma fr\u00e5n skolan har s\u00e4nkts efter coronapandemin. Det vittnar flera kommuner om i en&hellip;\n","protected":false},"author":2,"featured_media":355539,"comment_status":"","ping_status":"","sticky":false,"template":"","format":"standard","meta":{"footnotes":"","_share_on_mastodon":"0"},"categories":[5],"tags":[223,22,23,26,27,17,21,13510,24,25,28,29,15,16,18,34,982,31,33,32,30,19,20,2480],"class_list":["post-355538","post","type-post","status-publish","format-standard","has-post-thumbnail","category-rubriker","tag-barn-unga","tag-breaking-news","tag-breakingnews","tag-featured-news","tag-featurednews","tag-headlines","tag-huvudnyheter","tag-kristinehamn","tag-latest-news","tag-latestnews","tag-main-news","tag-mainnews","tag-news","tag-nyheter","tag-rubriker","tag-se","tag-skola-utbildning","tag-svenska","tag-sverige","tag-sweden","tag-swedish","tag-top-stories","tag-topstories","tag-varmlands-lan"],"share_on_mastodon":{"url":"https:\/\/pubeurope.com\/@se\/117171671806822192","error":""},"_links":{"self":[{"href":"https:\/\/www.europesays.com\/se\/wp-json\/wp\/v2\/posts\/355538","targetHints":{"allow":["GET"]}}],"collection":[{"href":"https:\/\/www.europesays.com\/se\/wp-json\/wp\/v2\/posts"}],"about":[{"href":"https:\/\/www.europesays.com\/se\/wp-json\/wp\/v2\/types\/post"}],"author":[{"embeddable":true,"href":"https:\/\/www.europesays.com\/se\/wp-json\/wp\/v2\/users\/2"}],"replies":[{"embeddable":true,"href":"https:\/\/www.europesays.com\/se\/wp-json\/wp\/v2\/comments?post=355538"}],"version-history":[{"count":0,"href":"https:\/\/www.europesays.com\/se\/wp-json\/wp\/v2\/posts\/355538\/revisions"}],"wp:featuredmedia":[{"embeddable":true,"href":"https:\/\/www.europesays.com\/se\/wp-json\/wp\/v2\/media\/355539"}],"wp:attachment":[{"href":"https:\/\/www.europesays.com\/se\/wp-json\/wp\/v2\/media?parent=355538"}],"wp:term":[{"taxonomy":"category","embeddable":true,"href":"https:\/\/www.europesays.com\/se\/wp-json\/wp\/v2\/categories?post=355538"},{"taxonomy":"post_tag","embeddable":true,"href":"https:\/\/www.europesays.com\/se\/wp-json\/wp\/v2\/tags?post=355538"}],"curies":[{"name":"wp","href":"https:\/\/api.w.org\/{rel}","templated":true}]}}