{"id":355686,"date":"2026-08-28T09:25:28","date_gmt":"2026-08-28T09:25:28","guid":{"rendered":"https:\/\/www.europesays.com\/se\/355686\/"},"modified":"2026-08-28T09:25:28","modified_gmt":"2026-08-28T09:25:28","slug":"kustbevakningen-skanker-tio-batar-till-ukraina","status":"publish","type":"post","link":"https:\/\/www.europesays.com\/se\/355686\/","title":{"rendered":"Kustbevakningen sk\u00e4nker tio b\u00e5tar till Ukraina"},"content":{"rendered":"<p>Regeringen ger Kustbevakningen i uppdrag att ge Ukraina tio b\u00e5tar, skriver F\u00f6rsvarsdepartementet i ett pressmeddelande.<\/p>\n<p>\u201dDet r\u00f6r sig om tio arbets- och h\u00f6ghastighetsb\u00e5tar som ska doneras till Ukraina. B\u00e5tarna ska \u00f6verl\u00e5tas i befintligt skick efter att ha avidentifierats och efter det att myndighetsspecifik utrustning har tagits bort.\u201d<\/p>\n<p>B\u00e5tarna ska anv\u00e4ndas till r\u00e4ddningstj\u00e4nst, d\u00e4ribland minr\u00f6jning.<\/p>\n<p>Omni \u00e4r politiskt obundna och oberoende. Vi str\u00e4var efter att ge fler perspektiv p\u00e5 nyheterna. Har du fr\u00e5gor eller synpunkter kring v\u00e5r rapportering? <a href=\"https:\/\/omni.se\/kustbevakningen-ger-tio-batar-till-ukraina\/a\/mailto:redaktion@omni.se\" class=\"ArticleActions-module-scss-module__w9u9BG__contactLink\" rel=\"nofollow noopener\" target=\"_blank\">Kontakta redaktionen<\/a><\/p>\n","protected":false},"excerpt":{"rendered":"Regeringen ger Kustbevakningen i uppdrag att ge Ukraina tio b\u00e5tar, skriver F\u00f6rsvarsdepartementet i ett pressmeddelande. \u201dDet r\u00f6r sig&hellip;\n","protected":false},"author":2,"featured_media":355687,"comment_status":"","ping_status":"","sticky":false,"template":"","format":"standard","meta":{"footnotes":"","_share_on_mastodon":"0"},"categories":[5],"tags":[22,23,267,26,27,12473,17,21,24,25,28,29,15,16,18,269,264,34,31,33,32,30,19,20,263],"class_list":["post-355686","post","type-post","status-publish","format-standard","has-post-thumbnail","category-rubriker","tag-breaking-news","tag-breakingnews","tag-europa","tag-featured-news","tag-featurednews","tag-forsvarsdepartementet","tag-headlines","tag-huvudnyheter","tag-latest-news","tag-latestnews","tag-main-news","tag-mainnews","tag-news","tag-nyheter","tag-rubriker","tag-ryska-invasionen","tag-ryssland","tag-se","tag-svenska","tag-sverige","tag-sweden","tag-swedish","tag-top-stories","tag-topstories","tag-ukraina"],"share_on_mastodon":{"url":"https:\/\/pubeurope.com\/@se\/117172418838095426","error":""},"_links":{"self":[{"href":"https:\/\/www.europesays.com\/se\/wp-json\/wp\/v2\/posts\/355686","targetHints":{"allow":["GET"]}}],"collection":[{"href":"https:\/\/www.europesays.com\/se\/wp-json\/wp\/v2\/posts"}],"about":[{"href":"https:\/\/www.europesays.com\/se\/wp-json\/wp\/v2\/types\/post"}],"author":[{"embeddable":true,"href":"https:\/\/www.europesays.com\/se\/wp-json\/wp\/v2\/users\/2"}],"replies":[{"embeddable":true,"href":"https:\/\/www.europesays.com\/se\/wp-json\/wp\/v2\/comments?post=355686"}],"version-history":[{"count":0,"href":"https:\/\/www.europesays.com\/se\/wp-json\/wp\/v2\/posts\/355686\/revisions"}],"wp:featuredmedia":[{"embeddable":true,"href":"https:\/\/www.europesays.com\/se\/wp-json\/wp\/v2\/media\/355687"}],"wp:attachment":[{"href":"https:\/\/www.europesays.com\/se\/wp-json\/wp\/v2\/media?parent=355686"}],"wp:term":[{"taxonomy":"category","embeddable":true,"href":"https:\/\/www.europesays.com\/se\/wp-json\/wp\/v2\/categories?post=355686"},{"taxonomy":"post_tag","embeddable":true,"href":"https:\/\/www.europesays.com\/se\/wp-json\/wp\/v2\/tags?post=355686"}],"curies":[{"name":"wp","href":"https:\/\/api.w.org\/{rel}","templated":true}]}}