{"id":355822,"date":"2026-08-28T11:56:15","date_gmt":"2026-08-28T11:56:15","guid":{"rendered":"https:\/\/www.europesays.com\/se\/355822\/"},"modified":"2026-08-28T11:56:15","modified_gmt":"2026-08-28T11:56:15","slug":"grand-theft-auto-vi-blir-ett-ogonblick-av-gemensamhet","status":"publish","type":"post","link":"https:\/\/www.europesays.com\/se\/355822\/","title":{"rendered":"Grand Theft Auto VI blir ett \u00f6gonblick av gemensamhet"},"content":{"rendered":"<p>Att v\u00e4rldens spelskribenter har recenserat trailern till Grand Theft Auto VI \u2013 och inte spelet \u2013 s\u00e4ger kanske n\u00e5got om hur efterl\u00e4ngtad Rockstar Games uppf\u00f6ljare till succ\u00e9n fr\u00e5n 2013 \u00e4r. <\/p>\n<p>New York Times recensent Christopher Byrd skriver att spelsl\u00e4ppet i h\u00f6st \u00e4r att j\u00e4mf\u00f6ra med ett nytt Beyonc\u00e9-album eller en Martin Scorsese-film: Ett s\u00e4llsynt \u00f6gonblick av gemensam popul\u00e4rkultur i en fragmenterad v\u00e4rld. Bara att se den n\u00e4ra 27 minuter l\u00e5nga trailern gjorde honom trollbunden, skriver han. <\/p>\n<p>Bj\u00f6rn Werner p\u00e5 SvD tycker sig ana en m\u00f6rkare handling i spelet, vars lansering beskrivs som decenniets st\u00f6rsta.<\/p>\n<p>\u201dAv trailern att d\u00f6ma finns det fog f\u00f6r att fansen inte kommer bli besvikna [\u2026] Och ja det verkar, som man s\u00e4ger, bli r\u00e4tt fett\u201d, skriver han.<\/p>\n<p>Morgan Park p\u00e5 PC Gamer skriver att han \u00e4r f\u00f6rv\u00e5nad \u00f6ver hur blandade hans k\u00e4nslor \u00e4r efter att ha sett trailern. Han \u00e4r mer sugen \u00e4n n\u00e5gonsin p\u00e5 att se vad Rockstar Games har arbetat med i 13 \u00e5r, men tycker samtidigt att uppdragen verkar p\u00e5minna mycket om de i tidigare spelen.<\/p>\n<p>\u201dDet ser ut som att fler Rockstaruppdrag v\u00e4ntar, p\u00e5 gott och ont\u201d. <\/p>\n<p>Varje helg tipsar Omni-redaktionen om de mest aktuella filmerna, tv-serierna, musiken, b\u00f6ckerna och mycket mer fr\u00e5n hela v\u00e4rlden. Genre kan variera fr\u00e5n vecka till vecka.<\/p>\n<p>Recensionssvepen \u00e4r en del av Omnis helgsatsning med rekommendationer p\u00e5 l\u00e4sv\u00e4rda, aktuella och intressanta recensioner och intervjuer som publiceras varje helg.<\/p>\n<p>Omni \u00e4r politiskt obundna och oberoende. Vi str\u00e4var efter att ge fler perspektiv p\u00e5 nyheterna. Har du fr\u00e5gor eller synpunkter kring v\u00e5r rapportering? <a href=\"https:\/\/omni.se\/grand-theft-auto-vi-blir-ett-ogonblick-av-gemensamhet\/a\/mailto:redaktion@omni.se\" class=\"ArticleActions-module-scss-module__w9u9BG__contactLink\" rel=\"nofollow noopener\" target=\"_blank\">Kontakta redaktionen<\/a><\/p>\n","protected":false},"excerpt":{"rendered":"Att v\u00e4rldens spelskribenter har recenserat trailern till Grand Theft Auto VI \u2013 och inte spelet \u2013 s\u00e4ger kanske&hellip;\n","protected":false},"author":2,"featured_media":355823,"comment_status":"","ping_status":"","sticky":false,"template":"","format":"standard","meta":{"footnotes":"","_share_on_mastodon":"0"},"categories":[66],"tags":[270,80,78,79,34,1595,31,33,32,30,81,84,83,82],"class_list":["post-355822","post","type-post","status-publish","format-standard","has-post-thumbnail","category-vetenskap-och-teknik","tag-helg","tag-science","tag-science-and-technology","tag-scienceandtechnology","tag-se","tag-spel","tag-svenska","tag-sverige","tag-sweden","tag-swedish","tag-technology","tag-teknik","tag-vetenskap","tag-vetenskapteknik"],"share_on_mastodon":{"url":"https:\/\/pubeurope.com\/@se\/117173012687923206","error":""},"_links":{"self":[{"href":"https:\/\/www.europesays.com\/se\/wp-json\/wp\/v2\/posts\/355822","targetHints":{"allow":["GET"]}}],"collection":[{"href":"https:\/\/www.europesays.com\/se\/wp-json\/wp\/v2\/posts"}],"about":[{"href":"https:\/\/www.europesays.com\/se\/wp-json\/wp\/v2\/types\/post"}],"author":[{"embeddable":true,"href":"https:\/\/www.europesays.com\/se\/wp-json\/wp\/v2\/users\/2"}],"replies":[{"embeddable":true,"href":"https:\/\/www.europesays.com\/se\/wp-json\/wp\/v2\/comments?post=355822"}],"version-history":[{"count":0,"href":"https:\/\/www.europesays.com\/se\/wp-json\/wp\/v2\/posts\/355822\/revisions"}],"wp:featuredmedia":[{"embeddable":true,"href":"https:\/\/www.europesays.com\/se\/wp-json\/wp\/v2\/media\/355823"}],"wp:attachment":[{"href":"https:\/\/www.europesays.com\/se\/wp-json\/wp\/v2\/media?parent=355822"}],"wp:term":[{"taxonomy":"category","embeddable":true,"href":"https:\/\/www.europesays.com\/se\/wp-json\/wp\/v2\/categories?post=355822"},{"taxonomy":"post_tag","embeddable":true,"href":"https:\/\/www.europesays.com\/se\/wp-json\/wp\/v2\/tags?post=355822"}],"curies":[{"name":"wp","href":"https:\/\/api.w.org\/{rel}","templated":true}]}}