{"id":356006,"date":"2026-08-28T13:51:25","date_gmt":"2026-08-28T13:51:25","guid":{"rendered":"https:\/\/www.europesays.com\/se\/356006\/"},"modified":"2026-08-28T13:51:25","modified_gmt":"2026-08-28T13:51:25","slug":"misstankt-valdtakt-mot-patient-sjukskoterska-haktad","status":"publish","type":"post","link":"https:\/\/www.europesays.com\/se\/356006\/","title":{"rendered":"Misst\u00e4nkt v\u00e5ldt\u00e4kt mot patient \u2013 sjuksk\u00f6terska h\u00e4ktad"},"content":{"rendered":"<p>  <a class=\"_link_1lr5y_108\" href=\"https:\/\/aftonbladet.se\/av\/beri-zangana-2\" title=\"Beri Zangana\" rel=\"nofollow noopener\" target=\"_blank\"><img alt=\"Bild av Beri Zangana\" class=\"_image_1lr5y_85\" fetchpriority=\"low\" decoding=\"async\" itemprop=\"image\" loading=\"lazy\"  src=\"https:\/\/www.europesays.com\/se\/wp-content\/uploads\/2026\/08\/1787925084_436_630b0789-508e-4426-ac0e-f0a3067c84f6.png\"  width=\"480\"\/><\/a> <img alt=\"V\u00e5ldt\u00e4kten misst\u00e4nks ha utf\u00f6rts p\u00e5 sjukhuset.\" class=\"_image_1jxax_84 layout-component layout-wide\" data-fullscreen- data-track-element-type=\"Article image fullscreen\" data-track-name=\"ImageFullscreen\" fetchpriority=\"high\" decoding=\"sync\" loading=\"eager\" height=\"5504\" itemprop=\"image\"  src=\"https:\/\/www.europesays.com\/se\/wp-content\/uploads\/2026\/08\/cd905cff-aa20-30a5-b16e-e66eb7f5fc40.jpeg\"  style=\"object-position:0% 0%\" width=\"8256\"\/>V\u00e5ldt\u00e4kten misst\u00e4nks ha utf\u00f6rts p\u00e5 sjukhuset.  Foto: Banfa Jawla \/ SVD \/ TTVisa mer<\/p>\n<p class=\"_textTheme_4io5p_1 _lead_16k26_2 _lead_3ue4t_18 layout-component layout-normal layout-padded _lead_o6m9k_5 _leadTheme_cypwp_1 body-large bold\">En manlig sjuksk\u00f6terska har h\u00e4ktats misst\u00e4nkt f\u00f6r v\u00e5ldt\u00e4kt mot en patient i J\u00f6nk\u00f6ping.<\/p>\n<p class=\"_textTheme_4io5p_1 _lead_16k26_2 _lead_3ue4t_18 layout-component layout-normal layout-padded _lead_o6m9k_5 _leadTheme_cypwp_1 body-large bold\">Den kvinnliga patienten dog kort efter h\u00e4ndelsen. <\/p>\n<p class=\"_textTheme_4io5p_1 _lead_16k26_2 _lead_3ue4t_18 layout-component layout-normal layout-padded _lead_o6m9k_5 _leadTheme_cypwp_1 body-large bold\">Efter den misst\u00e4nkta v\u00e5ldt\u00e4kten flydde sjuksk\u00f6terskan sin arbetsplats.<\/p>\n<p class=\"_textTheme_4io5p_1 _paragraph_16k26_4 _paragraph_3ue4t_27 layout-component layout-normal layout-padded body-medium\">En manlig sjuksk\u00f6terska som misst\u00e4nks f\u00f6r grov v\u00e5ldt\u00e4kt mot en patient vid l\u00e4nssjukhuset i J\u00f6nk\u00f6ping har h\u00e4ktats.<\/p>\n<p class=\"_textTheme_4io5p_1 _paragraph_16k26_4 _paragraph_3ue4t_27 layout-component layout-normal layout-padded body-medium\">Det misst\u00e4nkta brottet intr\u00e4ffade den \u00e5ttonde augusti. Mannen f\u00f6rs\u00f6kte fly sin arbetsplats och kraschade med sin bil innan han greps.<\/p>\n<p class=\"_textTheme_4io5p_1 _paragraph_16k26_4 _paragraph_3ue4t_27 layout-component layout-normal layout-padded body-medium\">\u2013\u00a0Jag bed\u00f6mer att sjuksk\u00f6terskan har visat s\u00e4rskild h\u00e4nsynsl\u00f6shet eller r\u00e5het utifr\u00e5n att brottet har beg\u00e5tts n\u00e4r kvinnan v\u00e5rdats i livets slutskede, helt utan m\u00f6jlighet att freda sig, och att mannen utnyttjat sin st\u00e4llning som just sjuksk\u00f6terska, s\u00e4ger kammar\u00e5klagare Frida Noldin i ett uttalande.<\/p>\n<p> Patienten dog <\/p>\n<p class=\"_textTheme_4io5p_1 _paragraph_16k26_4 _paragraph_3ue4t_27 layout-component layout-normal layout-padded body-medium\">Den kvinnliga patienten hade v\u00e5rdats p\u00e5 en av sjukhusets medicinkliniker. Hon dog kort efter h\u00e4ndelsen. <\/p>\n<p class=\"_textTheme_4io5p_1 _paragraph_16k26_4 _paragraph_3ue4t_27 layout-component layout-normal layout-padded body-medium\">\u2013 R\u00e4ttsl\u00e4karens prelimin\u00e4ra bed\u00f6mning \u00e4r att m\u00e5ls\u00e4ganden avled till f\u00f6ljd av den sjukdomsbild hon hade. I utredningen har det inte framkommit n\u00e5gra uppgifter om att den misst\u00e4nkta ska ha beg\u00e5tt brott mot andra patienter, s\u00e4ger Frida Noldin.<\/p>\n<p class=\"_textTheme_4io5p_1 _paragraph_16k26_4 _paragraph_3ue4t_27 layout-component layout-normal layout-padded body-medium\">Sjuksk\u00f6terskan ska ha gjort vissa medgivanden och l\u00e4mnat sin version av h\u00e4ndelsen. <\/p>\n<p class=\"_textTheme_4io5p_1 _paragraph_16k26_4 _paragraph_3ue4t_27 layout-component layout-normal layout-padded body-medium\">Enligt \u00e5klagaren har sjuksk\u00f6terskan beg\u00e4rts h\u00e4ktad bland annat d\u00e5 det finns en \u201dviss risk att han kan komma att p\u00e5verka utredningen\u201d. \u00c5klagaren bed\u00f6mer ocks\u00e5 att det finns en risk att han avviker.<\/p>\n","protected":false},"excerpt":{"rendered":"V\u00e5ldt\u00e4kten misst\u00e4nks ha utf\u00f6rts p\u00e5 sjukhuset. Foto: Banfa Jawla \/ SVD \/ TTVisa mer En manlig sjuksk\u00f6terska har&hellip;\n","protected":false},"author":2,"featured_media":356007,"comment_status":"","ping_status":"","sticky":false,"template":"","format":"standard","meta":{"footnotes":"","_share_on_mastodon":"0"},"categories":[5],"tags":[22,23,26,27,17,21,559,9468,24,25,28,29,15,16,18,34,31,33,32,30,19,20],"class_list":["post-356006","post","type-post","status-publish","format-standard","has-post-thumbnail","category-rubriker","tag-breaking-news","tag-breakingnews","tag-featured-news","tag-featurednews","tag-headlines","tag-huvudnyheter","tag-jonkoping","tag-lanssjukhuset-ryhov","tag-latest-news","tag-latestnews","tag-main-news","tag-mainnews","tag-news","tag-nyheter","tag-rubriker","tag-se","tag-svenska","tag-sverige","tag-sweden","tag-swedish","tag-top-stories","tag-topstories"],"share_on_mastodon":{"url":"https:\/\/pubeurope.com\/@se\/117173465607973594","error":""},"_links":{"self":[{"href":"https:\/\/www.europesays.com\/se\/wp-json\/wp\/v2\/posts\/356006","targetHints":{"allow":["GET"]}}],"collection":[{"href":"https:\/\/www.europesays.com\/se\/wp-json\/wp\/v2\/posts"}],"about":[{"href":"https:\/\/www.europesays.com\/se\/wp-json\/wp\/v2\/types\/post"}],"author":[{"embeddable":true,"href":"https:\/\/www.europesays.com\/se\/wp-json\/wp\/v2\/users\/2"}],"replies":[{"embeddable":true,"href":"https:\/\/www.europesays.com\/se\/wp-json\/wp\/v2\/comments?post=356006"}],"version-history":[{"count":0,"href":"https:\/\/www.europesays.com\/se\/wp-json\/wp\/v2\/posts\/356006\/revisions"}],"wp:featuredmedia":[{"embeddable":true,"href":"https:\/\/www.europesays.com\/se\/wp-json\/wp\/v2\/media\/356007"}],"wp:attachment":[{"href":"https:\/\/www.europesays.com\/se\/wp-json\/wp\/v2\/media?parent=356006"}],"wp:term":[{"taxonomy":"category","embeddable":true,"href":"https:\/\/www.europesays.com\/se\/wp-json\/wp\/v2\/categories?post=356006"},{"taxonomy":"post_tag","embeddable":true,"href":"https:\/\/www.europesays.com\/se\/wp-json\/wp\/v2\/tags?post=356006"}],"curies":[{"name":"wp","href":"https:\/\/api.w.org\/{rel}","templated":true}]}}