{"id":356204,"date":"2026-08-28T16:25:55","date_gmt":"2026-08-28T16:25:55","guid":{"rendered":"https:\/\/www.europesays.com\/se\/356204\/"},"modified":"2026-08-28T16:25:55","modified_gmt":"2026-08-28T16:25:55","slug":"goran-rosenberg-putins-ryssland-ar-en-galen-stat-ukrainas-sak-ar-var","status":"publish","type":"post","link":"https:\/\/www.europesays.com\/se\/356204\/","title":{"rendered":"G\u00d6RAN ROSENBERG: Putins Ryssland \u00e4r en galen stat \u2022 Ukrainas sak \u00e4r v\u00e5r"},"content":{"rendered":"<p>Ett fullskaligt galet, blodigt, f\u00f6r\u00f6dande, barbariskt krig p\u00e5g\u00e5r i v\u00e5r n\u00e4rhet.<\/p>\n<p>G\u00f6ran Rosenberg p\u00e5minner om att Ukrainas sak \u00e4r v\u00e5r.\u00a0<\/p>\n<p><img   alt=\"\"\/><\/p>\n<p>Vladimir Putins Ryssland m\u00e5ste stoppas.<\/p>\n<p>Foto: MIKHAIL METZEL \/ SPUTNIK \/ KREMLIN POOL \/ EPA SPUTNIK POOL<\/p>\n<p>\u00d6ppna bild i helsk\u00e4rm<\/p>\n<p><strong>KULTURDEBATT. <\/strong>Den 4 augusti lade Ukrainas president <strong>Volodymyr Zelenskyj <\/strong>ut en <a href=\"https:\/\/youtu.be\/bNHjKdAI2nc?is=hHB_qBuMTaiqwF65\" rel=\"nofollow noopener\" target=\"_blank\">video p\u00e5 X<\/a>.\u00a0<\/p>\n<p>P\u00e5 den ser vi en man i Cherson s\u00e4lja gr\u00f6nsaker fr\u00e5n en vit sk\u00e5pbil. Under ett gr\u00f6nt parasoll utanf\u00f6r har han st\u00e4llt upp n\u00e5gra l\u00e5dor med vad som kan vara potatis eller mor\u00f6tter, man ser inte s\u00e5 noga.\u00a0<\/p>\n<p>Vad man d\u00e4remot ser, alldeles tydligt, \u00e4r en dr\u00f6nare, en ganska liten dr\u00f6nare, en gigantisk b\u00e5lgeting, som med ett ilsket surrande jagar gr\u00f6nsakshandlaren runt hans bil. Ett varv, tv\u00e5 varv jagar den honom, medan han f\u00f6rs\u00f6ker hitta n\u00e5gonstans att g\u00f6mma sig. Det ser ut som om han med armarna f\u00f6rs\u00f6ker f\u00f6rklara f\u00f6r dr\u00f6naren att han \u00e4r en vanlig m\u00e4nniska. En gr\u00f6nsakshandlare.\u00a0<\/p>\n<p>Efter en halvminut ungef\u00e4r, det k\u00e4nns som en evighet, \u00e4r katt-och-r\u00e5tta-leken \u00f6ver. Dr\u00f6naren g\u00e5r upp i varv med ett tjut, dyker rakt ner mot mannen och detonerar i ett eldklot och ett r\u00f6kmoln. Den dyker inte mot sk\u00e5pbilen, inte mot n\u00e5got t\u00e4nkbart milit\u00e4rt f\u00f6rem\u00e5l i n\u00e4rheten, utan mot en gr\u00f6nsakshandlare i Cherson.\u00a0<\/p>\n<p><img loading=\"lazy\"   alt=\"\"\/><\/p>\n<p>Gr\u00f6nsakshandlaren Jurij, 52, \u00f6verlevde de ryska soldaternas \u201dm\u00e4nniskosafari\u201d.<\/p>\n<p>Foto: HANDOUT \/ TT NYHETSBYR\u00c5N<\/p>\n<p>\u00d6ppna bild i helsk\u00e4rm<\/p>\n<p>Och bakom dr\u00f6naren en m\u00e4nniska f\u00f6rst\u00e5s, en Putinsoldat som styr dr\u00f6naren, och som ser vad den ser, och som siktar in den p\u00e5 mannen som f\u00f6rs\u00f6ker fly, och som med ett knapptryck, eller vad det kan vara, best\u00e4mmer vem eller vad den ska utl\u00f6sa sin spr\u00e4ngladdning \u00f6ver.\u00a0<\/p>\n<p>\u201dV\u00e4rlden m\u00e5ste f\u00e5 se detta\u201d, kommenterade Zelenskyj vad han just l\u00e5tit oss se.\u00a0<\/p>\n<p>\u201dDen m\u00e5ste f\u00e5 se varje enskilt bevis p\u00e5 att Ryssland har blivit galet och att dess soldater njuter av att d\u00f6da och misshandla civila. Utan p\u00e5tryckningar p\u00e5 Ryssland, utan att dess aggressionsf\u00f6rm\u00e5ga avv\u00e4pnas och utan verkliga s\u00e4kerhetsgarantier, \u00e4r det helt enkelt om\u00f6jligt att f\u00f6rest\u00e4lla sig att v\u00e4rlden skulle kunna samexistera med detta onda. Vi m\u00e5ste f\u00f6rbli orubbliga i v\u00e5rt f\u00f6rsvar av livet.\u201d<\/p>\n<p>Det var Zelenskyjs ord, och tydligare kan det inte s\u00e4gas.\u00a0<\/p>\n<p>Vi har att g\u00f6ra med en galen stat. <strong>Putins <\/strong>Ryssland \u00e4r en galen stat.<\/p>\n<p>Hur galen den kan bli vet vi inte. Redan fr\u00e5n f\u00f6rsta b\u00f6rjan har den hotat med att anv\u00e4nda k\u00e4rnvapen f\u00f6r att f\u00e5 sin galna vilja igenom, viljan att radera <a href=\"https:\/\/www.expressen.se\/tagg\/location\/ukraina\/\" class=\"\" rel=\"nofollow noopener\" target=\"_blank\">Ukraina<\/a> fr\u00e5n kartan, som stat, nation och kultur. Inte n\u00e5gonsin har den gett upp om det kravet, att g\u00f6ra slut p\u00e5 Ukraina. Inte n\u00e5gonsin. Vilka vapenvilor och fredsavtal som \u00e4n har diskuterats s\u00e5 har Ryssland aldrig gett upp om sitt m\u00e5l, att med d\u00f6d och f\u00f6rst\u00f6relse radera Ukraina fr\u00e5n kartan. Det \u00e4r inte bara galet i sin fr\u00e5nvaro av verklighetskontakt. Ukraina kan inte och kommer inte l\u00e5ta sig raderas fr\u00e5n kartan. Det borde ha st\u00e5tt klart f\u00f6r l\u00e4nge sedan.\u00a0<\/p>\n<blockquote><p>Kanske galnare i dag \u00e4n i g\u00e5r.<\/p><\/blockquote>\n<p>Det \u00e4r ocks\u00e5 galet i sin sj\u00e4lvf\u00f6rst\u00f6relse. Vad som ocks\u00e5 borde ha st\u00e5tt klart f\u00f6r l\u00e4nge sedan \u00e4r att det inte bara handlar om d\u00f6d och f\u00f6rst\u00f6relse i Ukraina utan om d\u00f6d och f\u00f6rst\u00f6relse i det land som startat det hela, Putins Ryssland. En stat som drar d\u00f6d och f\u00f6rst\u00f6relse \u00f6ver sig sj\u00e4lv och sina inv\u00e5nare i syfte att uppn\u00e5 ett m\u00e5l som \u00e4r verklighetsfr\u00e4mmande, \u00e4r en galen stat.<\/p>\n<p>Annons<\/p>\n<p>Kanske galnare i dag \u00e4n i g\u00e5r. H\u00e4nsynsl\u00f6sheten och terrorn i missilattackerna bara \u00f6kar. Terror f\u00f6r terrorns egen skull. Krig f\u00f6r krigets egen skull, utan m\u00e5l och syfte.<\/p>\n<p>Vi vet att Ukraina kan sl\u00e5 tillbaka, f\u00f6rsvara sig, utveckla nya vapen f\u00f6r att attackera den ryska krigsapparaten och f\u00f6rsvaga den ryska krigsf\u00f6rm\u00e5gan, och d\u00e4rmed om och om igen visa p\u00e5 galenskapen i Putins krig.\u00a0<\/p>\n<p>Men vi vet ocks\u00e5 att galenskapen sprider sig. Provokationerna mot Europa, sabotagen, desinformationskampanjerna f\u00f6r att underminera och f\u00f6rsvaga ocks\u00e5 oss, ber\u00f6va oss enigheten och f\u00f6rsvarsviljan, \u00e4r tecken p\u00e5 att Ryssland vill dra med sig ocks\u00e5 v\u00e5r v\u00e4rld i f\u00f6rst\u00f6relsen.<\/p>\n<blockquote><p>Det \u00e4r l\u00e4tt att f\u00f6rtr\u00e4nga vad som p\u00e5g\u00e5r och leva som om allt \u00e4r som vanligt.<\/p><\/blockquote>\n<p>\u201dDet h\u00e4r handlar inte bara om Ukraina\u201d, fortsatte Zelenskyj sin kommentar till videon med gr\u00f6nsakshandlaren och dr\u00f6naren. \u201dRysslands kampanj mot m\u00e4nskligt liv m\u00e5ste stoppas h\u00e4r i Ukraina innan den sprider sig ytterligare.\u201d\u00a0<\/p>\n<p>Och s\u00e5 \u00e4r det. Ryssland m\u00e5ste stoppas i Ukraina, och vi m\u00e5ste i v\u00e5rt eget intresse se till att det blir m\u00f6jligt.\u00a0<\/p>\n<p>Krig \u00e4r fasansfullt, och det lidande Ukraina och ukrainarna genomg\u00e5r \u00e4r ofattbart f\u00f6r oss i v\u00e5r fredliga svenska v\u00e4rld. Och det \u00e4r l\u00e4tt att f\u00f6rtr\u00e4nga vad som p\u00e5g\u00e5r och leva som om allt \u00e4r som vanligt.<\/p>\n<p>Jag t\u00e4nker p\u00e5 karusellen som p\u00e5sken 1943 snurrade i Krasi\u0144skiparken i Warszawa, medan det judiska ghettot p\u00e5 andra sidan muren intill \u201dlikviderades\u201d av tyskarna, och husen d\u00e4r inne br\u00e4ndes, och r\u00f6ken och sotflagorna spred sig \u00f6ver parken, och de sista kvarvarande inv\u00e5narna f\u00f6rdes till gaskamrarna. Medan karusellen snurrade och musiken spelade.<\/p>\n<p>Men allt var inte som vanligt d\u00e5 och \u00e4r det inte nu heller.\u00a0<\/p>\n<p>Ett fullskaligt galet, blodigt, f\u00f6r\u00f6dande, barbariskt krig p\u00e5g\u00e5r i v\u00e5r n\u00e4rhet.<\/p>\n<p>Och just d\u00e4rf\u00f6r m\u00e5ste vi varje dag p\u00e5minna oss om att Ukrainas sak \u00e4r v\u00e5r.<\/p>\n<p>G\u00f6ran Rosenberg \u00e4r f\u00f6rfattare och medarbetare p\u00e5 Expressens kultursida. Texten \u00e4r det tal han h\u00f6ll p\u00e5 Fria Ukrainas plats i onsdags.\u00a0<\/p>\n","protected":false},"excerpt":{"rendered":"Ett fullskaligt galet, blodigt, f\u00f6r\u00f6dande, barbariskt krig p\u00e5g\u00e5r i v\u00e5r n\u00e4rhet. G\u00f6ran Rosenberg p\u00e5minner om att Ukrainas sak&hellip;\n","protected":false},"author":2,"featured_media":356205,"comment_status":"","ping_status":"","sticky":false,"template":"","format":"standard","meta":{"footnotes":"","_share_on_mastodon":"0"},"categories":[5],"tags":[50,22,23,40489,33314,26,27,34473,17,21,35601,24,25,28,29,11842,15,16,18,264,34,31,33,32,30,19,20,263,33946,552,261,262,30990],"class_list":["post-356204","post","type-post","status-publish","format-standard","has-post-thumbnail","category-rubriker","tag-arme-forsvar","tag-breaking-news","tag-breakingnews","tag-cherson","tag-dolj-kommentarer","tag-featured-news","tag-featurednews","tag-goran-rosenberg","tag-headlines","tag-huvudnyheter","tag-ide","tag-latest-news","tag-latestnews","tag-main-news","tag-mainnews","tag-militar","tag-news","tag-nyheter","tag-rubriker","tag-ryssland","tag-se","tag-svenska","tag-sverige","tag-sweden","tag-swedish","tag-top-stories","tag-topstories","tag-ukraina","tag-ukrainska-armen","tag-utrikespolitik","tag-vladimir-putin","tag-volodymyr-zelenskyj","tag-warszawa"],"share_on_mastodon":{"url":"https:\/\/pubeurope.com\/@se\/117174074507527423","error":""},"_links":{"self":[{"href":"https:\/\/www.europesays.com\/se\/wp-json\/wp\/v2\/posts\/356204","targetHints":{"allow":["GET"]}}],"collection":[{"href":"https:\/\/www.europesays.com\/se\/wp-json\/wp\/v2\/posts"}],"about":[{"href":"https:\/\/www.europesays.com\/se\/wp-json\/wp\/v2\/types\/post"}],"author":[{"embeddable":true,"href":"https:\/\/www.europesays.com\/se\/wp-json\/wp\/v2\/users\/2"}],"replies":[{"embeddable":true,"href":"https:\/\/www.europesays.com\/se\/wp-json\/wp\/v2\/comments?post=356204"}],"version-history":[{"count":0,"href":"https:\/\/www.europesays.com\/se\/wp-json\/wp\/v2\/posts\/356204\/revisions"}],"wp:featuredmedia":[{"embeddable":true,"href":"https:\/\/www.europesays.com\/se\/wp-json\/wp\/v2\/media\/356205"}],"wp:attachment":[{"href":"https:\/\/www.europesays.com\/se\/wp-json\/wp\/v2\/media?parent=356204"}],"wp:term":[{"taxonomy":"category","embeddable":true,"href":"https:\/\/www.europesays.com\/se\/wp-json\/wp\/v2\/categories?post=356204"},{"taxonomy":"post_tag","embeddable":true,"href":"https:\/\/www.europesays.com\/se\/wp-json\/wp\/v2\/tags?post=356204"}],"curies":[{"name":"wp","href":"https:\/\/api.w.org\/{rel}","templated":true}]}}