{"id":356302,"date":"2026-08-28T17:32:46","date_gmt":"2026-08-28T17:32:46","guid":{"rendered":"https:\/\/www.europesays.com\/se\/356302\/"},"modified":"2026-08-28T17:32:46","modified_gmt":"2026-08-28T17:32:46","slug":"zelenskyj-ska-avfyra-1-000-dronare-mot-ryssland-per-dag","status":"publish","type":"post","link":"https:\/\/www.europesays.com\/se\/356302\/","title":{"rendered":"Zelenskyj: Ska avfyra 1\u00a0000 dr\u00f6nare mot Ryssland per dag"},"content":{"rendered":"<p>Ukraina ska avfyra 1\u202f000 l\u00e5ngdistansdr\u00f6nare per dag mot Ryssland, uppger den ukrainske presidenten Volodymyr Zelenskyj enligt Reuters.<\/p>\n<p>I dagsl\u00e4get avfyras omkring 300 ukrainska dr\u00f6nare om dagen mot Ryssland.<\/p>\n<p>\u2013 Det beh\u00f6ver bli fler. Det finns ett konkret m\u00e5l och vi kommer att fullf\u00f6lja denna uppgift, s\u00e4ger Zelenskyj.<\/p>\n<p>Omni \u00e4r politiskt obundna och oberoende. Vi str\u00e4var efter att ge fler perspektiv p\u00e5 nyheterna. Har du fr\u00e5gor eller synpunkter kring v\u00e5r rapportering? <a href=\"https:\/\/omni.se\/zelenskyj-ska-avfyra-1000-dronare-mot-ryssland-per-dag\/a\/mailto:redaktion@omni.se\" class=\"ArticleActions-module-scss-module__w9u9BG__contactLink\" rel=\"nofollow noopener\" target=\"_blank\">Kontakta redaktionen<\/a><\/p>\n","protected":false},"excerpt":{"rendered":"Ukraina ska avfyra 1\u202f000 l\u00e5ngdistansdr\u00f6nare per dag mot Ryssland, uppger den ukrainske presidenten Volodymyr Zelenskyj enligt Reuters. I&hellip;\n","protected":false},"author":2,"featured_media":356303,"comment_status":"","ping_status":"","sticky":false,"template":"","format":"standard","meta":{"footnotes":"","_share_on_mastodon":"0"},"categories":[14],"tags":[22,23,267,26,27,17,21,24,25,28,29,15,16,18,269,264,34,31,33,32,30,19,20,263,51,262,52,53,54],"class_list":["post-356302","post","type-post","status-publish","format-standard","has-post-thumbnail","category-varlden","tag-breaking-news","tag-breakingnews","tag-europa","tag-featured-news","tag-featurednews","tag-headlines","tag-huvudnyheter","tag-latest-news","tag-latestnews","tag-main-news","tag-mainnews","tag-news","tag-nyheter","tag-rubriker","tag-ryska-invasionen","tag-ryssland","tag-se","tag-svenska","tag-sverige","tag-sweden","tag-swedish","tag-top-stories","tag-topstories","tag-ukraina","tag-varlden","tag-volodymyr-zelenskyj","tag-world","tag-world-news","tag-worldnews"],"share_on_mastodon":{"url":"https:\/\/pubeurope.com\/@se\/117174334152300492","error":""},"_links":{"self":[{"href":"https:\/\/www.europesays.com\/se\/wp-json\/wp\/v2\/posts\/356302","targetHints":{"allow":["GET"]}}],"collection":[{"href":"https:\/\/www.europesays.com\/se\/wp-json\/wp\/v2\/posts"}],"about":[{"href":"https:\/\/www.europesays.com\/se\/wp-json\/wp\/v2\/types\/post"}],"author":[{"embeddable":true,"href":"https:\/\/www.europesays.com\/se\/wp-json\/wp\/v2\/users\/2"}],"replies":[{"embeddable":true,"href":"https:\/\/www.europesays.com\/se\/wp-json\/wp\/v2\/comments?post=356302"}],"version-history":[{"count":0,"href":"https:\/\/www.europesays.com\/se\/wp-json\/wp\/v2\/posts\/356302\/revisions"}],"wp:featuredmedia":[{"embeddable":true,"href":"https:\/\/www.europesays.com\/se\/wp-json\/wp\/v2\/media\/356303"}],"wp:attachment":[{"href":"https:\/\/www.europesays.com\/se\/wp-json\/wp\/v2\/media?parent=356302"}],"wp:term":[{"taxonomy":"category","embeddable":true,"href":"https:\/\/www.europesays.com\/se\/wp-json\/wp\/v2\/categories?post=356302"},{"taxonomy":"post_tag","embeddable":true,"href":"https:\/\/www.europesays.com\/se\/wp-json\/wp\/v2\/tags?post=356302"}],"curies":[{"name":"wp","href":"https:\/\/api.w.org\/{rel}","templated":true}]}}