{"id":356306,"date":"2026-08-28T17:35:57","date_gmt":"2026-08-28T17:35:57","guid":{"rendered":"https:\/\/www.europesays.com\/se\/356306\/"},"modified":"2026-08-28T17:35:57","modified_gmt":"2026-08-28T17:35:57","slug":"svantesson-ser-just-pa-eknomin-men-ladorna-nastan-tomma","status":"publish","type":"post","link":"https:\/\/www.europesays.com\/se\/356306\/","title":{"rendered":"Svantesson ser just p\u00e5 eknomin \u2013 men ladorna n\u00e4stan tomma"},"content":{"rendered":"\n<p class=\"_textTheme_4io5p_1 _paragraph_16k26_4 _paragraph_3ue4t_27 layout-component layout-normal layout-padded body-medium\">HARPSUND. <strong class=\"_strong_16k26_20\">\u2013\u2060\u00a0Det ljusnar i<\/strong> svensk ekonomi.<\/p>\n<p class=\"_textTheme_4io5p_1 _paragraph_16k26_4 _paragraph_3ue4t_27 layout-component layout-normal layout-padded body-medium\">Finansminister Elisabeth Svantesson log och fyrade av \u00e4nnu en harang om ekonomiska prognoser och tillv\u00e4xt och inflation. <\/p>\n<p class=\"_textTheme_4io5p_1 _paragraph_16k26_4 _paragraph_3ue4t_27 layout-component layout-normal layout-padded body-medium\">Det var dags f\u00f6r regeringens traditionsenliga kr\u00e4ftskiva p\u00e5 Harpsund och den likaledes traditionella presstr\u00e4ffen med finansministern om hur rikets finanser ser ut. <\/p>\n<p class=\"_textTheme_4io5p_1 _paragraph_16k26_4 _paragraph_3ue4t_27 layout-component layout-normal layout-padded body-medium\">S\u00e4kerhetsp\u00e5draget var stort, avsp\u00e4rrningar, pressfolkets bilar och v\u00e4skor s\u00f6ktes igenom ett par hundra meter nerf\u00f6r v\u00e4gen mot Harpsund. <\/p>\n<p class=\"_textTheme_4io5p_1 _paragraph_16k26_4 _paragraph_3ue4t_27 layout-component layout-normal layout-padded body-medium\">Den gamla herrg\u00e5rden, uppf\u00f6rd p\u00e5 1600-talet, donerad av finansmannen Carl August Wicander till staten i b\u00f6rjan p\u00e5 50-talet f\u00f6r att anv\u00e4ndas efter behag av statsministern, denna byggnad visade sig inte \u00f6verraskande ligga lika vackert i den s\u00f6rml\u00e4ndska landsbygden som den alltid gjort. <\/p>\n<p class=\"_textTheme_4io5p_1 _paragraph_16k26_4 _paragraph_3ue4t_27 layout-component layout-normal layout-padded body-medium\">Journalisterna leddes n\u00e5gon timme innan tillst\u00e4llningen in i en timrad stuga med taskigt wifi p\u00e5 andra sidan Harpsundsv\u00e4gen, men okej, det fanns kaffe och mackor att tr\u00f6sta sig med. <\/p>\n<p class=\"_textTheme_4io5p_1 _paragraph_16k26_4 _paragraph_3ue4t_27 layout-component layout-normal layout-padded body-medium\">Vilket kunde beh\u00f6vas. Senast en timme innan finansminister Elisabeth Svantesson skulle h\u00e5lla sin presskonferens var vi tvungna att vara p\u00e5 plats, det blev en seg v\u00e4ntan, fotografer pratade om kameror och ny teknik, reportrar skvallrade, moderata pressnissar sprang ut och in och f\u00f6rs\u00f6kte h\u00e5lla alla p\u00e5 gott hum\u00f6r. <\/p>\n<p class=\"_textTheme_4io5p_1 _paragraph_16k26_4 _paragraph_3ue4t_27 layout-component layout-normal layout-padded body-medium\">Pressfolket vallades s\u00e5 sm\u00e5ningom genom \u00e4nnu en s\u00e4kerhetskontroll, vi fastnade sedan vid en grind som inte ville \u00f6ppnas, men in kom vi till slut. <\/p>\n<p class=\"_textTheme_4io5p_1 _paragraph_16k26_4 _paragraph_3ue4t_27 layout-component layout-normal layout-padded body-medium\">V\u00e4lansade gr\u00e4smattor, Harpsundssj\u00f6n glittrade vackert, 23 grader, en behaglig bris svalkade. <\/p>\n<p> <img alt=\"Svantesson i v\u00e4ntan p\u00e5 att klockan ska sl\u00e5 tre.\" class=\"_image_1jxax_84 layout-component layout-normal\" data-fullscreen- data-track-element-type=\"Article image fullscreen\" data-track-name=\"ImageFullscreen\" decoding=\"async\" loading=\"lazy\" height=\"1600\" itemprop=\"image\"  src=\"https:\/\/www.europesays.com\/se\/wp-content\/uploads\/2026\/08\/59724851-76cd-3879-a41c-93fbd4e3998b.jpeg\"  style=\"object-position:0% 0%\" width=\"2400\"\/>Svantesson i v\u00e4ntan p\u00e5 att klockan ska sl\u00e5 tre. Foto: Bj\u00f6rn LindahlVisa mer <\/p>\n<p class=\"_textTheme_4io5p_1 _paragraph_16k26_4 _paragraph_3ue4t_27 layout-component layout-normal layout-padded body-medium\"><strong class=\"_strong_16k26_20\">Jag spejade efter <\/strong>den ber\u00f6mda ekan. Den syntes inte till. Jag spejade efter Birgitta Edhs ber\u00f6mda h\u00f6nshus. Inte heller det gick att se. <\/p>\n<p class=\"_textTheme_4io5p_1 _paragraph_16k26_4 _paragraph_3ue4t_27 layout-component layout-normal layout-padded body-medium\">Finansminister Svantesson kom ut och satte sig avslappnat p\u00e5 en trappa i v\u00e4ntan p\u00e5 att klockan slog 15 och hon skulle st\u00e4lla sig bakom en mikrofon f\u00f6r att prata om det \u201dekonomiska l\u00e4get och f\u00f6ruts\u00e4ttningarna f\u00f6r n\u00e4sta mandatperiod\u201d. <\/p>\n<p class=\"_textTheme_4io5p_1 _paragraph_16k26_4 _paragraph_3ue4t_27 layout-component layout-normal layout-padded body-medium\">\u2013 Det ser bra ut f\u00f6r den svenska ekonomin, inledde hon tillst\u00e4llningen med att ber\u00e4tta. <\/p>\n<p class=\"_textTheme_4io5p_1 _paragraph_16k26_4 _paragraph_3ue4t_27 layout-component layout-normal layout-padded body-medium\">Ja, trots att Trump tjafsar med tullar och Hormuzsundet \u00e4r st\u00e4ngt har inflationen sjunkit, folk har mer pengar i pl\u00e5nboken, den segdragna l\u00e5gkonjunkturen b\u00f6rjar ge vika. <\/p>\n<p class=\"_textTheme_4io5p_1 _paragraph_16k26_4 _paragraph_3ue4t_27 layout-component layout-normal layout-padded body-medium\">\u2013 Arbetsl\u00f6sheten minskar, fortsatte finansministern och h\u00e4nvisade till Arbetsf\u00f6rmedlingens statistik, v\u00e4l medveten om att det \u00e4r Statistiska centralbyr\u00e5ns som \u00e4r den officiella. (Som av en h\u00e4ndelse \u00e4r SCB:s siffror dystrare.)<\/p>\n<p class=\"_textTheme_4io5p_1 _paragraph_16k26_4 _paragraph_3ue4t_27 layout-component layout-normal layout-padded body-medium\">Svantesson smattrade p\u00e5:<\/p>\n<p class=\"_textTheme_4io5p_1 _paragraph_16k26_4 _paragraph_3ue4t_27 layout-component layout-normal layout-padded body-medium\">\u00c5terh\u00e4mtningen \u00e4r p\u00e5 v\u00e4g! Sverige v\u00e4ntas f\u00e5 l\u00e4gst inflation i EU 2026! Finanserna \u00e4r starka!<\/p>\n<p class=\"_textTheme_4io5p_1 _paragraph_16k26_4 _paragraph_3ue4t_27 layout-component layout-normal layout-padded body-medium\">Men s\u00e5 var det ju det h\u00e4r med reformutrymmet, det vill s\u00e4ga hur mycket staten kan satsa p\u00e5 nya utgifter eller skattes\u00e4nkningar under n\u00e4sta mandatperiod. <\/p>\n<p class=\"_textTheme_4io5p_1 _paragraph_16k26_4 _paragraph_3ue4t_27 layout-component layout-normal layout-padded body-medium\">Det har i stor utstr\u00e4ckning redan \u00e4tits upp av upprustning av f\u00f6rsvaret, st\u00f6d till Ukraina, utbyggnad av r\u00e4ttsv\u00e4sendet och allt vad det nu \u00e4r. <\/p>\n<p class=\"_textTheme_4io5p_1 _paragraph_16k26_4 _paragraph_3ue4t_27 layout-component layout-normal layout-padded body-medium\">50 miljarder. S\u00e5 stort, eller r\u00e4ttare sagt litet, \u00e4r reformutrymmet. Och de pengarna \u00e4r i Tid\u00f6partiernas f\u00f6rest\u00e4llningsv\u00e4rld i stor utstr\u00e4ckning redan intecknade i fortsatta satsningar p\u00e5 milit\u00e4r och nya f\u00e4ngelser. <\/p>\n<p class=\"_textTheme_4io5p_1 _paragraph_16k26_4 _paragraph_3ue4t_27 layout-component layout-normal layout-padded body-medium\">Det \u00e4r n\u00e4stan tomt i ladorna. Vilket inte bara \u00e4r Tid\u00f6partiernas fel, en f\u00f6rsvarlig del av utgifterna har hela riksdagen st\u00e4llt sig bakom.<\/p>\n<p class=\"_textTheme_4io5p_1 _paragraph_16k26_4 _paragraph_3ue4t_27 layout-component layout-normal layout-padded body-medium\">Till saken h\u00f6r att Svantesson inte bara \u00e4r stram finansminister med ansvar f\u00f6r nationens r\u00e4kenskaper. Hon \u00e4r \u00e4ven moderat toppolitiker som vill vinna val.<\/p>\n<p> <img alt=\"Finansministern m\u00e5lar upp en ljus bild av ekonomin.\" class=\"_image_1jxax_84 layout-component layout-normal\" data-fullscreen- data-track-element-type=\"Article image fullscreen\" data-track-name=\"ImageFullscreen\" decoding=\"async\" loading=\"lazy\" height=\"1600\" itemprop=\"image\"  src=\"https:\/\/www.europesays.com\/se\/wp-content\/uploads\/2026\/08\/a4989d64-2f47-3b2c-a4bb-506a72dd8e2e.jpeg\"  style=\"object-position:0% 0%\" width=\"2400\"\/>Finansministern m\u00e5lar upp en ljus bild av ekonomin. Foto: Bj\u00f6rn LindahlVisa mer <\/p>\n<p class=\"_textTheme_4io5p_1 _paragraph_16k26_4 _paragraph_3ue4t_27 layout-component layout-normal layout-padded body-medium\"><strong class=\"_strong_16k26_20\">Och i denna <\/strong>valr\u00f6relse har hon och hennes parti vr\u00e4kt ur sig vall\u00f6ften till h\u00f6ger och v\u00e4nster. <\/p>\n<p class=\"_textTheme_4io5p_1 _paragraph_16k26_4 _paragraph_3ue4t_27 layout-component layout-normal layout-padded body-medium\">5\u00a0000 mer i m\u00e5naden till barnfamiljer! Skattes\u00e4nkningar! Avgiftsfria f\u00f6rskolor!<\/p>\n<p class=\"_textTheme_4io5p_1 _paragraph_16k26_4 _paragraph_3ue4t_27 layout-component layout-normal layout-padded body-medium\">N\u00e4r reportrar undrat hur allt detta ska finansieras mumlas det om besparingar i byr\u00e5kratin. Men \u00e4ven minskade bidrag och s\u00e4nkt bist\u00e5nd, vilket l\u00e5ter som att fattigt folk ska f\u00e5 det \u00e4nnu s\u00e4mre. <\/p>\n<p class=\"_textTheme_4io5p_1 _paragraph_16k26_4 _paragraph_3ue4t_27 layout-component layout-normal layout-padded body-medium\">Vad \u00e4r det egentligen som p\u00e5g\u00e5r? En sak \u00e4r att sm\u00e5partier till h\u00f6ger och v\u00e4nster lovar allt mellan himmel och jord. De kommer \u00e4nd\u00e5 aldrig att beh\u00f6va ta det \u00f6vergripande ansvaret f\u00f6r ekonomin. <\/p>\n<p class=\"_textTheme_4io5p_1 _paragraph_16k26_4 _paragraph_3ue4t_27 layout-component layout-normal layout-padded body-medium\">P\u00e5 de tv\u00e5 statsb\u00e4rande partierna, Moderaterna och Socialdemokraterna, st\u00e4lls h\u00f6gre krav.<\/p>\n<p class=\"_textTheme_4io5p_1 _paragraph_16k26_4 _paragraph_3ue4t_27 layout-component layout-normal layout-padded body-medium\">Nu har f\u00f6rvisso \u00e4ven Mikael Damberg, oppositionens tillt\u00e4nkte finansminister, satt p\u00e5 sig spenderbyxorna.<\/p>\n<p class=\"_textTheme_4io5p_1 _paragraph_16k26_4 _paragraph_3ue4t_27 layout-component layout-normal layout-padded body-medium\">Men Moderaterna g\u00e5r betydligt l\u00e4ngre. Det h\u00e4r \u00e4r ett parti som har skjutit sig upp i stratosf\u00e4ren och som befinner sig i en omloppsbana runt jorden och sl\u00e4pper ner valfl\u00e4sk med fallsk\u00e4rm. <\/p>\n<p class=\"_textTheme_4io5p_1 _paragraph_16k26_4 _paragraph_3ue4t_27 layout-component layout-normal layout-padded body-medium\">N\u00e4r reportrar fick st\u00e4lla sina fr\u00e5gor till finansministern p\u00e5pekade n\u00e5gon att det har brutit ut en t\u00e4vling i pl\u00e5nboksl\u00f6ften under denna valr\u00f6relse och ville veta hur kalaset ska finansieras. <\/p>\n<p class=\"_textTheme_4io5p_1 _paragraph_16k26_4 _paragraph_3ue4t_27 layout-component layout-normal layout-padded body-medium\">\u2013 Finansieringst\u00e4vlingen vinner jag varje dag i veckan. <\/p>\n<p class=\"_textTheme_4io5p_1 _paragraph_16k26_4 _paragraph_3ue4t_27 layout-component layout-normal layout-padded body-medium\">\u00a0<\/p>\n<p class=\"_textTheme_4io5p_1 _paragraph_16k26_4 _paragraph_3ue4t_27 layout-component layout-normal layout-padded body-medium\">En hel del \u00e5terst\u00e5r att se, som exempelvis hur m\u00e5nga av alla dessa vidlyftiga l\u00f6ften som Sverige verkligen har r\u00e5d att genomf\u00f6ra. <\/p>\n","protected":false},"excerpt":{"rendered":"HARPSUND. \u2013\u2060\u00a0Det ljusnar i svensk ekonomi. Finansminister Elisabeth Svantesson log och fyrade av \u00e4nnu en harang om ekonomiska&hellip;\n","protected":false},"author":2,"featured_media":356307,"comment_status":"","ping_status":"","sticky":false,"template":"","format":"standard","meta":{"footnotes":"","_share_on_mastodon":"0"},"categories":[5],"tags":[22,23,805,26,27,6105,17,21,24,25,28,29,15,16,18,34,31,33,32,30,19,20,15652],"class_list":["post-356306","post","type-post","status-publish","format-standard","has-post-thumbnail","category-rubriker","tag-breaking-news","tag-breakingnews","tag-elisabeth-svantesson","tag-featured-news","tag-featurednews","tag-harpsund","tag-headlines","tag-huvudnyheter","tag-latest-news","tag-latestnews","tag-main-news","tag-mainnews","tag-news","tag-nyheter","tag-rubriker","tag-se","tag-svenska","tag-sverige","tag-sweden","tag-swedish","tag-top-stories","tag-topstories","tag-valet"],"share_on_mastodon":{"url":"https:\/\/pubeurope.com\/@se\/117174350274004778","error":""},"_links":{"self":[{"href":"https:\/\/www.europesays.com\/se\/wp-json\/wp\/v2\/posts\/356306","targetHints":{"allow":["GET"]}}],"collection":[{"href":"https:\/\/www.europesays.com\/se\/wp-json\/wp\/v2\/posts"}],"about":[{"href":"https:\/\/www.europesays.com\/se\/wp-json\/wp\/v2\/types\/post"}],"author":[{"embeddable":true,"href":"https:\/\/www.europesays.com\/se\/wp-json\/wp\/v2\/users\/2"}],"replies":[{"embeddable":true,"href":"https:\/\/www.europesays.com\/se\/wp-json\/wp\/v2\/comments?post=356306"}],"version-history":[{"count":0,"href":"https:\/\/www.europesays.com\/se\/wp-json\/wp\/v2\/posts\/356306\/revisions"}],"wp:featuredmedia":[{"embeddable":true,"href":"https:\/\/www.europesays.com\/se\/wp-json\/wp\/v2\/media\/356307"}],"wp:attachment":[{"href":"https:\/\/www.europesays.com\/se\/wp-json\/wp\/v2\/media?parent=356306"}],"wp:term":[{"taxonomy":"category","embeddable":true,"href":"https:\/\/www.europesays.com\/se\/wp-json\/wp\/v2\/categories?post=356306"},{"taxonomy":"post_tag","embeddable":true,"href":"https:\/\/www.europesays.com\/se\/wp-json\/wp\/v2\/tags?post=356306"}],"curies":[{"name":"wp","href":"https:\/\/api.w.org\/{rel}","templated":true}]}}