{"id":356346,"date":"2026-08-28T18:18:13","date_gmt":"2026-08-28T18:18:13","guid":{"rendered":"https:\/\/www.europesays.com\/se\/356346\/"},"modified":"2026-08-28T18:18:13","modified_gmt":"2026-08-28T18:18:13","slug":"tusentals-stulna-bilar-hamnar-i-ryssland","status":"publish","type":"post","link":"https:\/\/www.europesays.com\/se\/356346\/","title":{"rendered":"Tusentals stulna bilar hamnar i Ryssland"},"content":{"rendered":"<p>  <img alt=\"\" class=\"_image_1jxax_84 layout-component layout-wide\" data-fullscreen- data-track-element-type=\"Article image fullscreen\" data-track-name=\"ImageFullscreen\" fetchpriority=\"high\" decoding=\"sync\" loading=\"eager\" height=\"2000\" itemprop=\"image\"  src=\"https:\/\/www.europesays.com\/se\/wp-content\/uploads\/2026\/08\/3738be4d-6194-3158-8119-83517ecc936c.jpeg\"  style=\"object-position:52.016666666666666% 64.725%\" width=\"3000\"\/><\/p>\n<p class=\"_textTheme_zldsx_1 _lead_16k26_2 _lead_3ue4t_18 layout-component layout-normal layout-padded _lead_o6m9k_5 _leadTheme_1q6sv_1 body-large bold\">Sofistikerade kriminella n\u00e4tverk har satt i system att stj\u00e4la bilar i Kanada med ett m\u00e5l \u2013 att s\u00e4lja dem vidare till villiga ryska k\u00f6pare. N\u00e4stan 5\u00a0000 bilar har hittats i Ryssland, visar siffror fr\u00e5n Interpol. Det liknar en trend som setts i Sverige.<\/p>\n<p><a class=\"_link_1lr5y_108\" href=\"https:\/\/www.svd.se\/av\/jani-pirttisalo-sallinen\" title=\"Jani Sallinen\" rel=\"nofollow noopener\" target=\"_blank\"><img alt=\"Bild av Jani Sallinen\" class=\"_image_1lr5y_85\" fetchpriority=\"low\" decoding=\"async\" itemprop=\"image\" loading=\"lazy\"  src=\"https:\/\/www.europesays.com\/se\/wp-content\/uploads\/2026\/08\/1787941093_504_98028cc2-b5d5-466e-bd4f-c27d225141ee.png\"  width=\"480\"\/><\/a>          <\/p>\n<p class=\"_textTheme_zldsx_1 _paragraph_16k26_4 _paragraph_3ue4t_27 layout-component layout-normal layout-padded body-medium\">Polismyndigheter och Interpol unders\u00f6ker nu om fordonen anv\u00e4nds i kriget mot Ukraina, <a href=\"https:\/\/www.nytimes.com\/2026\/08\/27\/world\/canada\/canada-car-theft-russia-sanctions.html\" class=\"_link_16k26_32\" rel=\"nofollow noopener\" target=\"_blank\">skriver<\/a> New York Times. Det r\u00e5der en stor efterfr\u00e5gan p\u00e5 bilar fr\u00e5n v\u00e4st p\u00e5 den svarta marknaden i Ryssland. <\/p>\n<p class=\"_textTheme_zldsx_1 _paragraph_16k26_4 _paragraph_3ue4t_27 layout-component layout-normal layout-padded body-medium\">Stora pickup-bilar som Dodge Ram, Toyota Tundra och Ford F-150 \u00e4r s\u00e4rskilt eftertraktade.<\/p>\n","protected":false},"excerpt":{"rendered":"Sofistikerade kriminella n\u00e4tverk har satt i system att stj\u00e4la bilar i Kanada med ett m\u00e5l \u2013 att s\u00e4lja&hellip;\n","protected":false},"author":2,"featured_media":356347,"comment_status":"","ping_status":"","sticky":false,"template":"","format":"standard","meta":{"footnotes":"","_share_on_mastodon":"0"},"categories":[14],"tags":[40493,22,23,40492,26,27,17,21,1750,31218,24,25,28,29,15,16,18,264,34,31,33,32,30,19,20,51,52,53,54],"class_list":["post-356346","post","type-post","status-publish","format-standard","has-post-thumbnail","category-varlden","tag-bilstold","tag-breaking-news","tag-breakingnews","tag-dodge","tag-featured-news","tag-featurednews","tag-headlines","tag-huvudnyheter","tag-interpol","tag-kriminella-natverk","tag-latest-news","tag-latestnews","tag-main-news","tag-mainnews","tag-news","tag-nyheter","tag-rubriker","tag-ryssland","tag-se","tag-svenska","tag-sverige","tag-sweden","tag-swedish","tag-top-stories","tag-topstories","tag-varlden","tag-world","tag-world-news","tag-worldnews"],"share_on_mastodon":{"url":"https:\/\/pubeurope.com\/@se\/117174515166730653","error":""},"_links":{"self":[{"href":"https:\/\/www.europesays.com\/se\/wp-json\/wp\/v2\/posts\/356346","targetHints":{"allow":["GET"]}}],"collection":[{"href":"https:\/\/www.europesays.com\/se\/wp-json\/wp\/v2\/posts"}],"about":[{"href":"https:\/\/www.europesays.com\/se\/wp-json\/wp\/v2\/types\/post"}],"author":[{"embeddable":true,"href":"https:\/\/www.europesays.com\/se\/wp-json\/wp\/v2\/users\/2"}],"replies":[{"embeddable":true,"href":"https:\/\/www.europesays.com\/se\/wp-json\/wp\/v2\/comments?post=356346"}],"version-history":[{"count":0,"href":"https:\/\/www.europesays.com\/se\/wp-json\/wp\/v2\/posts\/356346\/revisions"}],"wp:featuredmedia":[{"embeddable":true,"href":"https:\/\/www.europesays.com\/se\/wp-json\/wp\/v2\/media\/356347"}],"wp:attachment":[{"href":"https:\/\/www.europesays.com\/se\/wp-json\/wp\/v2\/media?parent=356346"}],"wp:term":[{"taxonomy":"category","embeddable":true,"href":"https:\/\/www.europesays.com\/se\/wp-json\/wp\/v2\/categories?post=356346"},{"taxonomy":"post_tag","embeddable":true,"href":"https:\/\/www.europesays.com\/se\/wp-json\/wp\/v2\/tags?post=356346"}],"curies":[{"name":"wp","href":"https:\/\/api.w.org\/{rel}","templated":true}]}}