{"id":356428,"date":"2026-08-28T19:42:25","date_gmt":"2026-08-28T19:42:25","guid":{"rendered":"https:\/\/www.europesays.com\/se\/356428\/"},"modified":"2026-08-28T19:42:25","modified_gmt":"2026-08-28T19:42:25","slug":"sallsynt-israeliskt-anfall-pa-vastbanken-tre-doda","status":"publish","type":"post","link":"https:\/\/www.europesays.com\/se\/356428\/","title":{"rendered":"S\u00e4llsynt israeliskt anfall p\u00e5 V\u00e4stbanken \u2013 tre d\u00f6da"},"content":{"rendered":"<p>Israelisk milit\u00e4r uppger att de d\u00f6dat tre terrorister i ett s\u00e4llsynt luftanfall p\u00e5 den ockuperade V\u00e4stbanken, rapporterar AFP.<\/p>\n<p>Anfallet skedde i Jeninomr\u00e5det. Israel uppger att en av de d\u00f6dade \u00e4r Qais Bitawi, som beskrivs som en framst\u00e5ende lokal Hamasmedlem. Terrorgruppen Islamiska jihad uppger dock att Bitawi, och de tv\u00e5 andra d\u00f6dade, var deras medlemmar.<\/p>\n<p>Israeliska milit\u00e4rr\u00e4der mot palestinska st\u00e4der p\u00e5 V\u00e4stbanken \u00e4r vanliga, men luftanfall har varit s\u00e4llsynta sedan b\u00f6rjan av 2025.<\/p>\n<p>Omni \u00e4r politiskt obundna och oberoende. Vi str\u00e4var efter att ge fler perspektiv p\u00e5 nyheterna. Har du fr\u00e5gor eller synpunkter kring v\u00e5r rapportering? <a href=\"https:\/\/omni.se\/sallsynt-israeliskt-anfall-pa-vastbanken-tre-doda\/a\/mailto:redaktion@omni.se\" class=\"ArticleActions-module-scss-module__w9u9BG__contactLink\" rel=\"nofollow noopener\" target=\"_blank\">Kontakta redaktionen<\/a><\/p>\n","protected":false},"excerpt":{"rendered":"Israelisk milit\u00e4r uppger att de d\u00f6dat tre terrorister i ett s\u00e4llsynt luftanfall p\u00e5 den ockuperade V\u00e4stbanken, rapporterar AFP.&hellip;\n","protected":false},"author":2,"featured_media":356429,"comment_status":"","ping_status":"","sticky":false,"template":"","format":"standard","meta":{"footnotes":"","_share_on_mastodon":"0"},"categories":[5],"tags":[22,23,26,27,122,17,21,6035,342,24,25,28,29,124,125,15,16,18,34,31,33,32,30,19,20,3340],"class_list":["post-356428","post","type-post","status-publish","format-standard","has-post-thumbnail","category-rubriker","tag-breaking-news","tag-breakingnews","tag-featured-news","tag-featurednews","tag-hamas","tag-headlines","tag-huvudnyheter","tag-islamiska-jihad","tag-israel","tag-latest-news","tag-latestnews","tag-main-news","tag-mainnews","tag-mellanostern","tag-mellanosternkrisen","tag-news","tag-nyheter","tag-rubriker","tag-se","tag-svenska","tag-sverige","tag-sweden","tag-swedish","tag-top-stories","tag-topstories","tag-vastbanken"],"share_on_mastodon":{"url":"https:\/\/pubeurope.com\/@se\/117174845186694347","error":""},"_links":{"self":[{"href":"https:\/\/www.europesays.com\/se\/wp-json\/wp\/v2\/posts\/356428","targetHints":{"allow":["GET"]}}],"collection":[{"href":"https:\/\/www.europesays.com\/se\/wp-json\/wp\/v2\/posts"}],"about":[{"href":"https:\/\/www.europesays.com\/se\/wp-json\/wp\/v2\/types\/post"}],"author":[{"embeddable":true,"href":"https:\/\/www.europesays.com\/se\/wp-json\/wp\/v2\/users\/2"}],"replies":[{"embeddable":true,"href":"https:\/\/www.europesays.com\/se\/wp-json\/wp\/v2\/comments?post=356428"}],"version-history":[{"count":0,"href":"https:\/\/www.europesays.com\/se\/wp-json\/wp\/v2\/posts\/356428\/revisions"}],"wp:featuredmedia":[{"embeddable":true,"href":"https:\/\/www.europesays.com\/se\/wp-json\/wp\/v2\/media\/356429"}],"wp:attachment":[{"href":"https:\/\/www.europesays.com\/se\/wp-json\/wp\/v2\/media?parent=356428"}],"wp:term":[{"taxonomy":"category","embeddable":true,"href":"https:\/\/www.europesays.com\/se\/wp-json\/wp\/v2\/categories?post=356428"},{"taxonomy":"post_tag","embeddable":true,"href":"https:\/\/www.europesays.com\/se\/wp-json\/wp\/v2\/tags?post=356428"}],"curies":[{"name":"wp","href":"https:\/\/api.w.org\/{rel}","templated":true}]}}