{"id":356494,"date":"2026-08-28T21:11:22","date_gmt":"2026-08-28T21:11:22","guid":{"rendered":"https:\/\/www.europesays.com\/se\/356494\/"},"modified":"2026-08-28T21:11:22","modified_gmt":"2026-08-28T21:11:22","slug":"manchester-united-koper-monica-jusu-bah","status":"publish","type":"post","link":"https:\/\/www.europesays.com\/se\/356494\/","title":{"rendered":"Manchester United k\u00f6per Monica Jusu Bah"},"content":{"rendered":"\n<ul aria-hidden=\"true\" class=\"_images_1lr5y_103\">\n<li><a class=\"_link_1lr5y_108\" href=\"https:\/\/aftonbladet.se\/av\/viktoria-bjorklof\" title=\"Viktoria Bj\u00f6rkl\u00f6f\" tabindex=\"-1\" rel=\"nofollow noopener\" target=\"_blank\"><img alt=\"Bild av Viktoria Bj\u00f6rkl\u00f6f\" class=\"_image_1lr5y_85\" fetchpriority=\"low\" decoding=\"async\" itemprop=\"image\" loading=\"lazy\"  src=\"https:\/\/www.europesays.com\/se\/wp-content\/uploads\/2026\/08\/1787951479_354_1451f1a9-65d4-4311-b16d-fd619a2326e7.png\"  width=\"480\"\/><\/a><\/li>\n<li><a class=\"_link_1lr5y_108\" href=\"https:\/\/aftonbladet.se\/av\/anna-ryden\" title=\"Anna Ryd\u00e9n\" tabindex=\"-1\" rel=\"nofollow noopener\" target=\"_blank\"><img alt=\"Bild av Anna Ryd\u00e9n\" class=\"_image_1lr5y_85\" fetchpriority=\"low\" decoding=\"async\" itemprop=\"image\" loading=\"lazy\"  src=\"https:\/\/www.europesays.com\/se\/wp-content\/uploads\/2026\/08\/1787951479_295_a4ff5eb2-1f2f-4f66-b6a5-9fa391183945.png\"  width=\"480\"\/><\/a><\/li>\n<\/ul>\n<p> <img alt=\"Monica Jusu Bah klar f\u00f6r United.\" class=\"_image_1jxax_84 layout-component layout-wide\" data-fullscreen- data-track-element-type=\"Article image fullscreen\" data-track-name=\"ImageFullscreen\" fetchpriority=\"high\" decoding=\"sync\" loading=\"eager\" height=\"3222\" itemprop=\"image\"  src=\"https:\/\/www.europesays.com\/se\/wp-content\/uploads\/2026\/08\/6adacbc9-74e1-3fd0-855c-0cadfe641cd3.jpeg\"  style=\"object-position:0% 0%\" width=\"4833\"\/>Monica Jusu Bah klar f\u00f6r United.  Foto: Michael Smolski\/Agency CMGVisa mer<\/p>\n<p class=\"_textTheme_4io5p_1 _lead_16k26_2 _lead_3ue4t_18 layout-component layout-normal layout-padded _lead_o6m9k_5 _leadTheme_cypwp_1 body-large bold\">BK H\u00e4cken och Manchester United \u00e4r \u00f6verens.<\/p>\n<p class=\"_textTheme_4io5p_1 _lead_16k26_2 _lead_3ue4t_18 layout-component layout-normal layout-padded _lead_o6m9k_5 _leadTheme_cypwp_1 body-large bold\">Monica Jusu Bah, 23, \u00e4r klar f\u00f6r den engelska storklubben.<\/p>\n<p class=\"_textTheme_4io5p_1 _lead_16k26_2 _lead_3ue4t_18 layout-component layout-normal layout-padded _lead_o6m9k_5 _leadTheme_cypwp_1 body-large bold\">Aff\u00e4ren beskrivs som en av Nordens st\u00f6rsta n\u00e5gonsin p\u00e5 damsidan.<\/p>\n<p class=\"_textTheme_4io5p_1 _paragraph_16k26_4 _paragraph_3ue4t_27 layout-component layout-normal layout-padded body-medium\">Jusu Bah kom till BK H\u00e4cken inf\u00f6r s\u00e4songen 2023 och har sedan dess gjort 31 m\u00e5l och 15 assist p\u00e5 107 matcher. Den f\u00f6reg\u00e5ende s\u00e4songen vann hon SM-guld med Hisingslaget, s\u00e5v\u00e4l som Europa cup-finalen mot Hammarby.<\/p>\n<p class=\"_textTheme_4io5p_1 _paragraph_16k26_4 _paragraph_3ue4t_27 layout-component layout-normal layout-padded body-medium\">I ett uttalande p\u00e5 H\u00e4ckens hemsida tackar hon f\u00f6r det st\u00f6d hon f\u00e5tt genom \u00e5ren.<\/p>\n<p class=\"_textTheme_4io5p_1 _paragraph_16k26_4 _paragraph_3ue4t_27 layout-component layout-normal layout-padded body-medium\">\u2013 Jag tror inte att jag en enda dag g\u00e5tt hem och k\u00e4nt att det var en d\u00e5lig dag, s\u00e4ger hon.<\/p>\n<p class=\"_textTheme_4io5p_1 _paragraph_16k26_4 _paragraph_3ue4t_27 layout-component layout-normal layout-padded body-medium\">Nu st\u00e5r det allts\u00e5 klart att den svenska landslagsmittf\u00e4ltaren flyttar till England och Manchester United.<\/p>\n<p> <img alt=\"\" class=\"_image_1jxax_84 layout-component layout-normal\" data-fullscreen- data-track-element-type=\"Article image fullscreen\" data-track-name=\"ImageFullscreen\" decoding=\"async\" loading=\"lazy\" height=\"3529\" itemprop=\"image\"  src=\"https:\/\/www.europesays.com\/se\/wp-content\/uploads\/2026\/08\/6753fcd3-dfe9-3329-88bb-bebb856ac7c3.jpeg\"  style=\"object-position:0% 0%\" width=\"5294\"\/> Foto: Michael Smolski\/Agency CMGVisa mer \u201dOverkligt\u201d <\/p>\n<p class=\"_textTheme_4io5p_1 _paragraph_16k26_4 _paragraph_3ue4t_27 layout-component layout-normal layout-padded body-medium\">D\u00e4r blir hon lagkamrat med flera svenskor: Fridolina Rolf\u00f6, Julia Zigiotti Olme, Ellen Wangerheim, Anna Sandberg och Hanna Lundkvist.<\/p>\n<p class=\"_textTheme_4io5p_1 _paragraph_16k26_4 _paragraph_3ue4t_27 layout-component layout-normal layout-padded body-medium\">\u2013 Det k\u00e4nns overkligt att flytta till Manchester United, s\u00e4ger hon till WSL-klubbens hemsida.<\/p>\n<p class=\"_textTheme_4io5p_1 _paragraph_16k26_4 _paragraph_3ue4t_27 layout-component layout-normal layout-padded body-medium\">Tidigare i somras stod det klart att 23-\u00e5ringens vapendragare Felicia Schr\u00f6der s\u00e5lts till Real Madrid f\u00f6r \u00f6ver 15 miljoner kronor och slog d\u00e4rmed f\u00f6rs\u00e4ljningsrekord p\u00e5 damsidan. F\u00f6rs\u00e4ljningen av Jusu Bah beskriver H\u00e4ckens fotbollschef Martin Ericsson som ett bevis p\u00e5 att BK H\u00e4cken bef\u00e4ster sin position internationellt, och som en av Nordens st\u00f6rsta aff\u00e4rer n\u00e5gonsin p\u00e5 damsidan.<\/p>\n<p class=\"_textTheme_4io5p_1 _paragraph_16k26_4 _paragraph_3ue4t_27 layout-component layout-normal layout-padded body-medium\">Enligt Sportbladets uppgifter betalade United cirka 500 000 pund, motsvarande 6 miljoner kronor f\u00f6r svenskan.<\/p>\n<p class=\"_textTheme_4io5p_1 _paragraph_16k26_4 _paragraph_3ue4t_27 layout-component layout-normal layout-padded body-medium\">Jusu Bah har gjort 11 A-landskamper f\u00f6r Sverige.<\/p>\n<p class=\"_textTheme_4io5p_1 _paragraph_16k26_4 _paragraph_3ue4t_27 layout-component layout-normal layout-padded body-medium\">Kontraktet med United \u00e4r skrivet \u00f6ver 2030.<\/p>\n<p> <img alt=\"\" class=\"_image_1jxax_84 layout-component layout-normal\" data-fullscreen- data-track-element-type=\"Article image fullscreen\" data-track-name=\"ImageFullscreen\" decoding=\"async\" loading=\"lazy\" height=\"4000\" itemprop=\"image\"  src=\"https:\/\/www.europesays.com\/se\/wp-content\/uploads\/2026\/08\/2eae9d08-67a0-3744-9ce3-0a9dccb1a048.jpeg\"  style=\"object-position:0% 0%\" width=\"6000\"\/> Foto: Michael Smolski\/Agency CMGVisa mer <br \/><img alt=\"\" class=\"_image_1jxax_84 layout-component layout-normal\" data-fullscreen- data-track-element-type=\"Article image fullscreen\" data-track-name=\"ImageFullscreen\" decoding=\"async\" loading=\"lazy\" height=\"2933\" itemprop=\"image\"  src=\"https:\/\/www.europesays.com\/se\/wp-content\/uploads\/2026\/08\/bb549852-aa66-34f8-8503-3930f384a258.jpeg\"  style=\"object-position:0% 0%\" width=\"4400\"\/> Foto: Michael Smolski\/Agency CMGVisa mer                <\/p>\n","protected":false},"excerpt":{"rendered":"Monica Jusu Bah klar f\u00f6r United. Foto: Michael Smolski\/Agency CMGVisa mer BK H\u00e4cken och Manchester United \u00e4r \u00f6verens.&hellip;\n","protected":false},"author":2,"featured_media":356495,"comment_status":"","ping_status":"","sticky":false,"template":"","format":"standard","meta":{"footnotes":"","_share_on_mastodon":"0"},"categories":[68],"tags":[1555,926,40506,34,111,110,31,33,32,30],"class_list":["post-356494","post","type-post","status-publish","format-standard","has-post-thumbnail","category-sport","tag-bk-hacken","tag-manchester-united","tag-monica-jusu-bah","tag-se","tag-sport","tag-sports","tag-svenska","tag-sverige","tag-sweden","tag-swedish"],"share_on_mastodon":{"url":"https:\/\/pubeurope.com\/@se\/117175195744681701","error":""},"_links":{"self":[{"href":"https:\/\/www.europesays.com\/se\/wp-json\/wp\/v2\/posts\/356494","targetHints":{"allow":["GET"]}}],"collection":[{"href":"https:\/\/www.europesays.com\/se\/wp-json\/wp\/v2\/posts"}],"about":[{"href":"https:\/\/www.europesays.com\/se\/wp-json\/wp\/v2\/types\/post"}],"author":[{"embeddable":true,"href":"https:\/\/www.europesays.com\/se\/wp-json\/wp\/v2\/users\/2"}],"replies":[{"embeddable":true,"href":"https:\/\/www.europesays.com\/se\/wp-json\/wp\/v2\/comments?post=356494"}],"version-history":[{"count":0,"href":"https:\/\/www.europesays.com\/se\/wp-json\/wp\/v2\/posts\/356494\/revisions"}],"wp:featuredmedia":[{"embeddable":true,"href":"https:\/\/www.europesays.com\/se\/wp-json\/wp\/v2\/media\/356495"}],"wp:attachment":[{"href":"https:\/\/www.europesays.com\/se\/wp-json\/wp\/v2\/media?parent=356494"}],"wp:term":[{"taxonomy":"category","embeddable":true,"href":"https:\/\/www.europesays.com\/se\/wp-json\/wp\/v2\/categories?post=356494"},{"taxonomy":"post_tag","embeddable":true,"href":"https:\/\/www.europesays.com\/se\/wp-json\/wp\/v2\/tags?post=356494"}],"curies":[{"name":"wp","href":"https:\/\/api.w.org\/{rel}","templated":true}]}}