{"id":356528,"date":"2026-08-29T00:00:13","date_gmt":"2026-08-29T00:00:13","guid":{"rendered":"https:\/\/www.europesays.com\/se\/356528\/"},"modified":"2026-08-29T00:00:13","modified_gmt":"2026-08-29T00:00:13","slug":"kristoffer-triumf-om-helgen-med-loptraning-och-spontandans","status":"publish","type":"post","link":"https:\/\/www.europesays.com\/se\/356528\/","title":{"rendered":"Kristoffer Triumf om helgen med l\u00f6ptr\u00e4ning och spontandans"},"content":{"rendered":"<p>  <img alt=\"\" class=\"_image_1jxax_84 layout-component layout-wide\" data-fullscreen- data-track-element-type=\"Article image fullscreen\" data-track-name=\"ImageFullscreen\" fetchpriority=\"high\" decoding=\"sync\" loading=\"eager\" height=\"1747\" itemprop=\"image\"  src=\"https:\/\/www.europesays.com\/se\/wp-content\/uploads\/2026\/08\/5665e2a9-025b-34fd-a232-290330e37f61.jpeg\"  style=\"object-position:0% 0%\" width=\"2612\"\/><\/p>\n<p class=\"_textTheme_zldsx_1 _lead_16k26_2 _lead_3ue4t_18 layout-component layout-normal layout-padded _lead_o6m9k_5 _leadTheme_1q6sv_1 body-large bold\">Kristoffer Triumf l\u00f6ptr\u00e4nar, fixar spontandans p\u00e5 Kanon och skjuter lerduvor.<\/p>\n<p><a class=\"_link_1lr5y_108\" href=\"https:\/\/www.svd.se\/av\/gabriella-kvarnlof\" title=\"Gabriella Kvarnl\u00f6f\" rel=\"nofollow noopener\" target=\"_blank\"><img alt=\"Bild av Gabriella Kvarnl\u00f6f\" class=\"_image_1lr5y_85\" fetchpriority=\"low\" decoding=\"async\" itemprop=\"image\" loading=\"lazy\"  src=\"https:\/\/www.europesays.com\/se\/wp-content\/uploads\/2026\/08\/cd2ffcab-fb37-404a-8c3b-7a3c43015a6b.png\"  width=\"480\"\/><\/a>          <\/p>\n<p class=\"_textTheme_zldsx_1 _paragraph_16k26_4 _paragraph_3ue4t_27 layout-component layout-normal layout-padded body-medium\">Att promenera \u00e4r bra f\u00f6r sj\u00e4len. D\u00e4rf\u00f6r tvingar jag min fru att g\u00e5 med mig fr\u00e5n Lilla Essingen till restaurang Kanon p\u00e5 Tj\u00e4rhovsplan p\u00e5 fredagskv\u00e4llen. Jag \u00e4lskar Kanon och har en intensiv k\u00e4rleksaff\u00e4r med kocken Rima Ismails matlagning, vilket min fru \u00e4r okej med. Det \u00e4r sv\u00e5rt att f\u00f6rklara, men Rima lagar mat som jag \u00e4tit i ett tidigare liv, som resonerar med min sj\u00e4l.\u00a0<\/p>\n<p class=\"_textTheme_zldsx_1 _paragraph_16k26_4 _paragraph_3ue4t_27 layout-component layout-normal layout-padded body-medium\">V\u00e4l d\u00e4r m\u00f6ter vi upp mitt musikg\u00e4ng och k\u00e4kar lamm med oliver, rosmarin, timjan och ris. Jag avl\u00e4gsnar mig fr\u00e5n bordet vid tio f\u00f6r att st\u00e4lla mig bakom mixerbordet i baren f\u00f6r att underh\u00e5lla den ljuvliga S\u00f6derpubliken med min otroliga musik. Jag g\u00e5r ut mjukt med Axel Bomans \u201dParis 2006\u201d och avslutar med en Robyn-remix som tar spontandansen till nya h\u00f6jder. Sedan blir det taxi hem, jag ska upp tidigt i morgon.<\/p>\n","protected":false},"excerpt":{"rendered":"Kristoffer Triumf l\u00f6ptr\u00e4nar, fixar spontandans p\u00e5 Kanon och skjuter lerduvor. Att promenera \u00e4r bra f\u00f6r sj\u00e4len. D\u00e4rf\u00f6r tvingar&hellip;\n","protected":false},"author":2,"featured_media":356529,"comment_status":"","ping_status":"","sticky":false,"template":"","format":"standard","meta":{"footnotes":"","_share_on_mastodon":"0"},"categories":[67],"tags":[27509,104,270,40512,40511,34,31,33,32,30,105,40513],"class_list":["post-356528","post","type-post","status-publish","format-standard","has-post-thumbnail","category-underhallning","tag-alltid-pa-lordagar","tag-entertainment","tag-helg","tag-kristoffer-triumf","tag-lilla-essingen","tag-se","tag-svenska","tag-sverige","tag-sweden","tag-swedish","tag-underhallning","tag-varvet"],"share_on_mastodon":{"url":"https:\/\/pubeurope.com\/@se\/117175878021172305","error":""},"_links":{"self":[{"href":"https:\/\/www.europesays.com\/se\/wp-json\/wp\/v2\/posts\/356528","targetHints":{"allow":["GET"]}}],"collection":[{"href":"https:\/\/www.europesays.com\/se\/wp-json\/wp\/v2\/posts"}],"about":[{"href":"https:\/\/www.europesays.com\/se\/wp-json\/wp\/v2\/types\/post"}],"author":[{"embeddable":true,"href":"https:\/\/www.europesays.com\/se\/wp-json\/wp\/v2\/users\/2"}],"replies":[{"embeddable":true,"href":"https:\/\/www.europesays.com\/se\/wp-json\/wp\/v2\/comments?post=356528"}],"version-history":[{"count":0,"href":"https:\/\/www.europesays.com\/se\/wp-json\/wp\/v2\/posts\/356528\/revisions"}],"wp:featuredmedia":[{"embeddable":true,"href":"https:\/\/www.europesays.com\/se\/wp-json\/wp\/v2\/media\/356529"}],"wp:attachment":[{"href":"https:\/\/www.europesays.com\/se\/wp-json\/wp\/v2\/media?parent=356528"}],"wp:term":[{"taxonomy":"category","embeddable":true,"href":"https:\/\/www.europesays.com\/se\/wp-json\/wp\/v2\/categories?post=356528"},{"taxonomy":"post_tag","embeddable":true,"href":"https:\/\/www.europesays.com\/se\/wp-json\/wp\/v2\/tags?post=356528"}],"curies":[{"name":"wp","href":"https:\/\/api.w.org\/{rel}","templated":true}]}}