{"id":356546,"date":"2026-08-29T05:01:10","date_gmt":"2026-08-29T05:01:10","guid":{"rendered":"https:\/\/www.europesays.com\/se\/356546\/"},"modified":"2026-08-29T05:01:10","modified_gmt":"2026-08-29T05:01:10","slug":"kanadas-svar-pa-donald-trumps-namnbyte-taco-avenue-varlden","status":"publish","type":"post","link":"https:\/\/www.europesays.com\/se\/356546\/","title":{"rendered":"Kanadas svar p\u00e5 Donald Trumps namnbyte: Taco Avenue | V\u00e4rlden"},"content":{"rendered":"<p>Uppdaterad 29 aug 2026 kl 05.24Publicerad 29 aug 2026 kl 04.03<\/p>\n<p>H\u00e4r \u00e4r Kanadas svar p\u00e5 namnbytet p\u00e5 Lake Ontario.<\/p>\n<p>Huvudstaden Ottawa funderar p\u00e5 att byta namn p\u00e5 en av sina gator.<\/p>\n<p>Fr\u00e5n Trump Avenue till TACO Avenue.<\/p>\n<p><img   alt=\"\"\/><\/p>\n<p>Donald Trumps karta \u00f6ver USA \u2013 med Lake America, Gulf of America \u2013 och Washington DC i North Carolina.<\/p>\n<p>Foto: Truth Social<\/p>\n<p>\u00d6ppna bild i helsk\u00e4rm<\/p>\n<p>Omr\u00e5det River Ward i Kanadas huvudstad Ottawa har flera gator med New York-tema. Bland dem: Trump Avenue. Men handelskriget som <a href=\"https:\/\/www.expressen.se\/tagg\/person\/donald-trump\/\" class=\"\" rel=\"nofollow noopener\" target=\"_blank\">Donald Trump<\/a> startat i uppr\u00f6rdhet \u00f6ver det avtal han sj\u00e4lv sl\u00f6t \u2013 och hyllade \u2013 2020 kan g\u00f6ra att gatunamnet snart \u00e4r ett minne blott.\u00a0<\/p>\n<p>I en omr\u00f6stning i onsdags beslutade stadsfullm\u00e4ktige enh\u00e4lligt att inleda arbetet f\u00f6r att byta namn p\u00e5 gatan. Omr\u00f6stningen skedde dagen efter det att Trump f\u00f6rst luftat sin id\u00e9 om att byta namn p\u00e5 Lake Ontario till Lake America, med ett inl\u00e4gg p\u00e5 Truth Social d\u00e4r han hade placerat Washington DC mitt i North Carolina.<\/p>\n<p>Obama, Pelosi \u2013 och Taco<\/p>\n<p>Under m\u00f6tet ska ledamoten Riley Brockington ha sagt att det \u00e4r pinsamt att hans stadsdel har en gata uppkalla efter den amerikanska presidenten och att han t\u00e4nker leda processen att byta namnet, skriver han sj\u00e4lv p\u00e5 <a href=\"https:\/\/x.com\/RiverWardRiley\/status\/2092678092732965290\" rel=\"nofollow\">X<\/a>.<\/p>\n<p>Flera namnf\u00f6rslag d\u00f6k upp, ber\u00e4ttar ledamoten Tim Tierney f\u00f6r <a href=\"https:\/\/edition.cnn.com\/2026\/08\/27\/americas\/ottawa-rename-trump-avenue-lake-america-latam-intl\" rel=\"nofollow noopener\" target=\"_blank\">CNN<\/a>. Bland dem fanns referenser till Trumps politiska fiender, som Obama Avenue och Pelosi Avenue. Bland f\u00f6rslagen fanns ocks\u00e5 Rosie O&#8217;Donnell Avenue. Det f\u00f6reslogs ocks\u00e5 Gulf of Mexico, givetvis en h\u00e4nvisning till att Trump gjort politisk teater av att byta namn p\u00e5 Mexikanska golfen till Gulf of America. Det fanns ocks\u00e5 f\u00f6rslag p\u00e5 att Trumps namn \u00e4nd\u00e5 skulle f\u00e5 finnas kvar genom akronymen TACO \u2013 allts\u00e5 \u201dTrump always chickens out\u201d (Trump fegar alltid ut).\u00a0<\/p>\n","protected":false},"excerpt":{"rendered":"Uppdaterad 29 aug 2026 kl 05.24Publicerad 29 aug 2026 kl 04.03 H\u00e4r \u00e4r Kanadas svar p\u00e5 namnbytet p\u00e5&hellip;\n","protected":false},"author":2,"featured_media":356547,"comment_status":"","ping_status":"","sticky":false,"template":"","format":"standard","meta":{"footnotes":"","_share_on_mastodon":"0"},"categories":[65],"tags":[387,3566,72,385,70,71,1091,40531,34,31,33,32,30,51],"class_list":["post-356546","post","type-post","status-publish","format-standard","has-post-thumbnail","category-ekonomi","tag-amerikansk-politik","tag-barack-obama","tag-business","tag-donald-trump","tag-economy","tag-ekonomi","tag-kanada","tag-ottawa","tag-se","tag-svenska","tag-sverige","tag-sweden","tag-swedish","tag-varlden"],"share_on_mastodon":{"url":"https:\/\/pubeurope.com\/@se\/117177043362319353","error":""},"_links":{"self":[{"href":"https:\/\/www.europesays.com\/se\/wp-json\/wp\/v2\/posts\/356546","targetHints":{"allow":["GET"]}}],"collection":[{"href":"https:\/\/www.europesays.com\/se\/wp-json\/wp\/v2\/posts"}],"about":[{"href":"https:\/\/www.europesays.com\/se\/wp-json\/wp\/v2\/types\/post"}],"author":[{"embeddable":true,"href":"https:\/\/www.europesays.com\/se\/wp-json\/wp\/v2\/users\/2"}],"replies":[{"embeddable":true,"href":"https:\/\/www.europesays.com\/se\/wp-json\/wp\/v2\/comments?post=356546"}],"version-history":[{"count":0,"href":"https:\/\/www.europesays.com\/se\/wp-json\/wp\/v2\/posts\/356546\/revisions"}],"wp:featuredmedia":[{"embeddable":true,"href":"https:\/\/www.europesays.com\/se\/wp-json\/wp\/v2\/media\/356547"}],"wp:attachment":[{"href":"https:\/\/www.europesays.com\/se\/wp-json\/wp\/v2\/media?parent=356546"}],"wp:term":[{"taxonomy":"category","embeddable":true,"href":"https:\/\/www.europesays.com\/se\/wp-json\/wp\/v2\/categories?post=356546"},{"taxonomy":"post_tag","embeddable":true,"href":"https:\/\/www.europesays.com\/se\/wp-json\/wp\/v2\/tags?post=356546"}],"curies":[{"name":"wp","href":"https:\/\/api.w.org\/{rel}","templated":true}]}}