{"id":356560,"date":"2026-08-29T05:09:18","date_gmt":"2026-08-29T05:09:18","guid":{"rendered":"https:\/\/www.europesays.com\/se\/356560\/"},"modified":"2026-08-29T05:09:18","modified_gmt":"2026-08-29T05:09:18","slug":"aoostar-lanserar-en-billigare-variant-av-amd-strix-halo-spel-minidator-med-64-gb-ram-och-utan-lagringsutrymme","status":"publish","type":"post","link":"https:\/\/www.europesays.com\/se\/356560\/","title":{"rendered":"Aoostar lanserar en billigare variant av AMD Strix Halo-spel-minidator med 64 GB RAM och utan lagringsutrymme"},"content":{"rendered":"<p>\t\t<a href=\"https:\/\/www.notebookcheck.se\/fileadmin\/Notebooks\/News\/_nc5\/aoostar_nex395_mini_pc_64gb_ram.jpg\" title=\"Mini-datorn Aoostar Nex395 finns nu med 64 GB RAM och utan lagringsutrymme. \" data-caption=\"Mini-datorn Aoostar Nex395 finns nu med 64 GB RAM och utan lagringsutrymme. \" rel=\"nofollow noopener\" target=\"_blank\"><img decoding=\"async\" src=\"https:\/\/www.europesays.com\/se\/wp-content\/uploads\/2026\/08\/csm_aoostar_nex395_mini_pc_64gb_ram_b277a0bb49.jpg\" loading=\"lazy\" width=\"240\" height=\"180\" alt=\"Mini-datorn Aoostar Nex395 finns nu med 64 GB RAM och utan lagringsutrymme. \"\/><\/p>\n<p>\u24d8 Aoostar<\/p>\n<p><\/a>Mini-datorn Aoostar Nex395 finns nu med 64 GB RAM och utan lagringsutrymme. <\/p>\n<p>P\u00e5 grund av de p\u00e5g\u00e5ende pris\u00f6kningarna p\u00e5 DRAM-minne och lagringsutrymme har m\u00e5nga OEM-tillverkare tvingats h\u00f6ja priserna eller till och med l\u00e4gga ner produktlinjer helt och h\u00e5llet. Aoostar \u00e4r inget undantag; f\u00f6retaget har nyligen presenterat nya varianter av sin h\u00f6gpresterande minidator Nex395 med h\u00e4lften s\u00e5 mycket RAM-minne och utan lagringsutrymme.<\/p>\n<p class=\"bodytext\">Aoostar lanserade <a href=\"https:\/\/www.notebookcheck.se\/Aoostar-lanserar-Nex395-minidator-med-toppmodern-AMD-Strix-Halo-APU-och-128-GB-RAM.1179748.0.html\" target=\"_self\" rel=\"nofollow noopener\">Nex395<\/a> i slutet av f\u00f6rra \u00e5ret, utrustad med den kraftfulla AMD Ryzen AI Max+ 395 Strix Halo APU.\u00a0Produkten lanserades d\u00e4refter i Kina, d\u00e4r den d\u00e5 kostade cirka 2 100 dollar f\u00f6r modellen med 2 TB lagringsutrymme och 128 GB RAM. Detta var naturligtvis innan de kraftiga pris\u00f6kningarna p\u00e5 RAM-minne. &#13;<\/p>\n<p class=\"bodytext\">Det verkar som att f\u00f6retaget nu erbjuder en variant av minidatorn Nex395 med 64 GB RAM ist\u00e4llet f\u00f6r 128 GB, tillsammans med en SSD p\u00e5 1 TB. En ny variant utan lagringsutrymme finns ocks\u00e5 tillg\u00e4nglig. &#13;<\/p>\n<p class=\"bodytext\">Detta gjordes troligtvis som en reaktion p\u00e5 den p\u00e5g\u00e5ende bristen p\u00e5 DRAM-minne, och mini-PC:n <a href=\"https:\/\/u.jd.com\/kaVGuC3\" data-htmlarea-external=\"1\" rtekeep=\"1\" rel=\"nofollow noopener\" target=\"_blank\">kostar nu<\/a> fr\u00e5n cirka 12 999 yuan, vilket motsvarar ungef\u00e4r 1 930 dollar f\u00f6r varianten med 1 TB, och cirka 11 999 yuan,\u00a0ungef\u00e4r 1 785 dollar f\u00f6r varianten utan SSD. &#13;<\/p>\n<p class=\"bodytext\">I \u00f6vrigt verkar minidatorn i stort sett vara identisk. I\/O-utbudet har ocks\u00e5 l\u00e4mnats of\u00f6r\u00e4ndrat, vilket beskrivs i detalj nedan: <\/p>\n<ul>\n<li>Tv\u00e5 USB4 Type-C-portar<\/li>\n<li>Tv\u00e5 2,5G Ethernet<\/li>\n<li>Tre USB A 3.2 Gen 2, en USB Type-A<\/li>\n<li>HDMI, DisplayPort<\/li>\n<li>3,5 mm ljuduttag<\/li>\n<\/ul>\n<p>\t<a href=\"https:\/\/www.notebookcheck.se\/fileadmin\/Notebooks\/News\/_nc5\/aoostar_nex395_mini_pc_64gb_ram_.jpg\" title=\"Mini-datorn Nex395 drivs av en kraftfull 16-k\u00e4rnig AMD Ryzen AI Max+ 395 APU. \" data-caption=\"Mini-datorn Nex395 drivs av en kraftfull 16-k\u00e4rnig AMD Ryzen AI Max+ 395 APU. \" rel=\"nofollow noopener\" target=\"_blank\"><img decoding=\"async\" src=\"https:\/\/www.europesays.com\/se\/wp-content\/uploads\/2026\/08\/csm_aoostar_nex395_mini_pc_64gb_ram__bf4b2f9454.jpg\" loading=\"lazy\" width=\"738\" height=\"554\" alt=\"Mini-datorn Nex395 drivs av en kraftfull 16-k\u00e4rnig AMD Ryzen AI Max+ 395 APU. \"\/><\/p>\n<p>\u24d8 Aoostar<\/p>\n<p><\/a>Mini-datorn Nex395 drivs av en kraftfull 16-k\u00e4rnig AMD Ryzen AI Max+ 395 APU.<br \/>\n\tDenna mini-PC f\u00f6r spel \u00e4r fortfarande utrustad med den 16-k\u00e4rniga Ryzen AI Max+ 395 APU<\/p>\n<p class=\"bodytext\"><a href=\"https:\/\/www.notebookcheck.se\/AMD-Strix-Halo-Point-Zen-5-5c-Ryzen-AI-300-Ryzen-AI-Max-395-Notebook-Processor.945554.0.html\" target=\"_self\" rel=\"nofollow noopener\">Ryzen AI Max+ 395<\/a> APU har en 16-k\u00e4rnig konfiguration som uteslutande best\u00e5r av Zen 5-k\u00e4rnor.\u00a0Detta g\u00f6r att den kraftfulla Strix Halo APU:n presterar p\u00e5 samma niv\u00e5 som en Intel Core Ultra 9 285HX i multitr\u00e5dade prestandatester som Cinebench 2026.&#13;<\/p>\n<p class=\"bodytext\">Den RDNA 3.5-baserade <a href=\"https:\/\/www.notebookcheck.se\/AMD-Radeon-RX-8060S-benchmarks-prestanda-specifikationer.964063.0.html\" target=\"_self\" rel=\"nofollow noopener\">Radeon 8060S<\/a> iGPU:n har \u00e5 andra sidan en konfiguration med 40 CU. I syntetiska prestandatester lyckas iGPU:n h\u00e5lla j\u00e4mna steg med ett RTX 4070-grafikkort f\u00f6r b\u00e4rbara datorer, vilket definitivt \u00e4r ganska imponerande f\u00f6r en integrerad komponent.&#13;<\/p>\n<p class=\"bodytext\">Med tanke p\u00e5 att systemet nu levereras med h\u00e4lften s\u00e5 mycket RAM-minne, vilket inte g\u00e5r att uppgradera sj\u00e4lv, kommer kunder som f\u00f6redrar att k\u00f6ra stora LLM:er lokalt att bli ganska besvikna. De som helt enkelt vill ha en kraftfull minidator f\u00f6r spel och vanliga kr\u00e4vande uppgifter kommer sannolikt att vara helt n\u00f6jda med 64 GB RAM-minne.&#13;<\/p>\n<p class=\"bodytext\">\u00c4ven om Aoostar har en global n\u00e4rvaro har minidatorn Nex395 aldrig lanserats i USA. Med det i \u00e5tanke \u00e4r det oklart om 64 GB-varianten n\u00e5gonsin kommer att dyka upp p\u00e5 den globala marknaden heller.\u00a0&#13;<\/p>\n<p class=\"bodytext\">Naturligtvis kan de som inte har n\u00e5got emot besv\u00e4ret med att importera en fortfarande g\u00f6ra det. Andra som hellre vill k\u00f6pa en kraftfull minidator direkt fr\u00e5n Amazon kan kolla in <a href=\"https:\/\/www.amazon.com\/GMKtec-EVO-X2-Computers-LPDDR5X-8000MHz\/dp\/B0F53QXNGH?tag=nbcnewsnet-20\" target=\"_blank\" rel=\"sponsored nofollow noopener\">GMKtec EVO X2<\/a>, som f\u00f6r n\u00e4rvarande finns tillg\u00e4nglig f\u00f6r 2 199 dollar.<\/p>\n<p>\t<a href=\"\"><img decoding=\"async\" src=\"https:\/\/www.europesays.com\/se\/wp-content\/uploads\/2026\/08\/1787980157_42_csm_sambit_saha_4e205cd3c1.jpg\" loading=\"lazy\" width=\"120\" height=\"120\" alt=\"Sambit Saha\"\/><\/a><a href=\"\"><img decoding=\"async\" src=\"https:\/\/www.europesays.com\/se\/wp-content\/uploads\/2026\/08\/1787980158_156_csm_ninh_duy_ee54bf9777.jpg\" loading=\"lazy\" width=\"120\" height=\"120\" alt=\"DeepL \/ Ninh Duy\"\/><\/a>Translator: <a href=\"\" class=\"j_name\">Ninh Ngoc Duy<\/a> &#8211; Translation Sections Manager  &#8211; 833846 articles published on Notebookcheck since 2008<\/p>\n","protected":false},"excerpt":{"rendered":"\u24d8 Aoostar Mini-datorn Aoostar Nex395 finns nu med 64 GB RAM och utan lagringsutrymme. P\u00e5 grund av de&hellip;\n","protected":false},"author":2,"featured_media":356561,"comment_status":"","ping_status":"","sticky":false,"template":"","format":"standard","meta":{"footnotes":"","_share_on_mastodon":"0"},"categories":[66],"tags":[7083,21217,7084,7080,21426,40537,40535,40532,40534,40533,7085,80,78,79,34,40536,31,33,32,30,81,84,83,82],"class_list":["post-356560","post","type-post","status-publish","format-standard","has-post-thumbnail","category-vetenskap-och-teknik","tag-barbar-dator","tag-kraftfull-mini-pc","tag-laptop","tag-mini-pc","tag-mini-pc-for-spel","tag-mini-pc-med-64-gb-ram","tag-mini-pc-ryzen-ai-max","tag-mini-pc-erbjudande","tag-mini-pc-lansering","tag-mini-pc-rea","tag-notebook","tag-science","tag-science-and-technology","tag-scienceandtechnology","tag-se","tag-strix-halo-mini-pc","tag-svenska","tag-sverige","tag-sweden","tag-swedish","tag-technology","tag-teknik","tag-vetenskap","tag-vetenskapteknik"],"share_on_mastodon":{"url":"https:\/\/pubeurope.com\/@se\/117177075548932651","error":""},"_links":{"self":[{"href":"https:\/\/www.europesays.com\/se\/wp-json\/wp\/v2\/posts\/356560","targetHints":{"allow":["GET"]}}],"collection":[{"href":"https:\/\/www.europesays.com\/se\/wp-json\/wp\/v2\/posts"}],"about":[{"href":"https:\/\/www.europesays.com\/se\/wp-json\/wp\/v2\/types\/post"}],"author":[{"embeddable":true,"href":"https:\/\/www.europesays.com\/se\/wp-json\/wp\/v2\/users\/2"}],"replies":[{"embeddable":true,"href":"https:\/\/www.europesays.com\/se\/wp-json\/wp\/v2\/comments?post=356560"}],"version-history":[{"count":0,"href":"https:\/\/www.europesays.com\/se\/wp-json\/wp\/v2\/posts\/356560\/revisions"}],"wp:featuredmedia":[{"embeddable":true,"href":"https:\/\/www.europesays.com\/se\/wp-json\/wp\/v2\/media\/356561"}],"wp:attachment":[{"href":"https:\/\/www.europesays.com\/se\/wp-json\/wp\/v2\/media?parent=356560"}],"wp:term":[{"taxonomy":"category","embeddable":true,"href":"https:\/\/www.europesays.com\/se\/wp-json\/wp\/v2\/categories?post=356560"},{"taxonomy":"post_tag","embeddable":true,"href":"https:\/\/www.europesays.com\/se\/wp-json\/wp\/v2\/tags?post=356560"}],"curies":[{"name":"wp","href":"https:\/\/api.w.org\/{rel}","templated":true}]}}