{"id":356648,"date":"2026-08-29T06:13:29","date_gmt":"2026-08-29T06:13:29","guid":{"rendered":"https:\/\/www.europesays.com\/se\/356648\/"},"modified":"2026-08-29T06:13:29","modified_gmt":"2026-08-29T06:13:29","slug":"sjukskoterska-haktad-for-grov-valdtakt-av-dodssjuk-kvinna","status":"publish","type":"post","link":"https:\/\/www.europesays.com\/se\/356648\/","title":{"rendered":"Sjuksk\u00f6terska h\u00e4ktad f\u00f6r grov v\u00e5ldt\u00e4kt av d\u00f6dssjuk kvinna"},"content":{"rendered":"<p>Publicerad 28 aug 2026 kl 21.12<\/p>\n<p>Sjuksk\u00f6terskan blev tagen p\u00e5 bar g\u00e4rning n\u00e4r han f\u00f6rgrep sig p\u00e5 en d\u00f6dssjuk kvinna \u2013 och sen flydde han fr\u00e5n platsen.<\/p>\n<p>Nu har han h\u00e4ktats f\u00f6r grov v\u00e5ldt\u00e4kt, och riskerar ocks\u00e5 avsked.<\/p>\n<p>Enligt \u00e5klagaren har han visat \u201ds\u00e4rskild h\u00e4nsynsl\u00f6shet\u201d.<\/p>\n<p>Senaste nyhetsklippen fr\u00e5n Expressen.<img   alt=\"\"\/><\/p>\n<p>Mannen p\u00e5 Ryhov utnyttjade sin roll som sjuksk\u00f6terska, enligt \u00e5klagaren.<\/p>\n<p>Foto: Johan Nilsson \/ TT \/ TT NYHETSBYR\u00c5N<\/p>\n<p>\u00d6ppna bild i helsk\u00e4rm<\/p>\n<p>H\u00e4ndelsen intr\u00e4ffade kv\u00e4llen den 8 augusti. D\u00e5 misst\u00e4nks en sjuksk\u00f6terska ha f\u00f6rgripit sig p\u00e5 en patient p\u00e5 l\u00e4nssjukhuset Ryhov i <a href=\"https:\/\/www.expressen.se\/tagg\/location\/jonkoping\/\" class=\"\" rel=\"nofollow noopener\" target=\"_blank\">J\u00f6nk\u00f6ping<\/a>.<\/p>\n<p>Enligt uppgifter till <a href=\"https:\/\/www.jp.se\/jonkoping\/extra-ryhovanstalld-utreds-for-sexbrott-mot-patient\/\" rel=\"nofollow noopener\" target=\"_blank\">J\u00f6nk\u00f6pings-Posten<\/a> blev han tagen p\u00e5 bar g\u00e4rning av en kollega.<\/p>\n<p>N\u00e4r polis larmades <a href=\"https:\/\/www.expressen.se\/nyheter\/sverige\/misstankt-sexualbrott-pa-sjukhus-i-jonkoping\/\" rel=\"nofollow noopener\" target=\"_blank\">flydde mannen fr\u00e5n sjukhuset i sin bil<\/a> \u2013 men kraschade sen rakt in i ett betongfundament i en rondell p\u00e5 E4. Efter det ska han ha f\u00f6rs\u00f6kt fly \u00e4ven fr\u00e5n olycksplatsen.<\/p>\n<p>Brottsoffret: Kvinna i livets slutskede<\/p>\n<p>Nu har mannen h\u00e4ktats, p\u00e5 sannolika misst\u00e4nkt f\u00f6r grov v\u00e5ldt\u00e4kt.<\/p>\n<p>Brottsoffret var en d\u00f6dssjuk kvinna, som avled kort efter \u00f6vergreppet.<\/p>\n<p>\u2013 Jag bed\u00f6mer att sjuksk\u00f6terskan har visat s\u00e4rskild h\u00e4nsynsl\u00f6shet eller r\u00e5het utifr\u00e5n att brottet har beg\u00e5tts n\u00e4r kvinnan v\u00e5rdats i livets slutskede, helt utan m\u00f6jlighet att freda sig, och att mannen utnyttjat sin st\u00e4llning som just sjuksk\u00f6terska, s\u00e4ger \u00e5klagare Frida Noldin i en kommentar.<\/p>\n<p>Hon till\u00e4gger dock att orsaken till att kvinnan avled tros ha varit \u201dden sjukdomsbild hon hade\u201d.<\/p>\n<p>Erk\u00e4nner \u00f6vergrepp<\/p>\n<p>Den misst\u00e4nkta sjuksk\u00f6terskan greps och anh\u00f6lls efter h\u00e4ndelsen, men sl\u00e4pptes sen p\u00e5 fri fot. Men p\u00e5 torsdagen \u2013 n\u00e4stan tre veckor efter h\u00e4ndelsen \u2013 beg\u00e4rdes han h\u00e4ktad. Enligt b\u00e5de \u00e5klagare och tingsr\u00e4tt finns det risk att han avviker eller f\u00f6rsv\u00e5rar utredningen.<\/p>\n<p>Mannen har i f\u00f6rh\u00f6r gjort vissa medgivanden.<\/p>\n<p>\u2013 Han har erk\u00e4nt brott men vi anser att det ska rubriceras som grovt sexuellt \u00f6vergrepp i st\u00e4llet, s\u00e4ger hans f\u00f6rsvarsadvokat Robert Attesj\u00f6.<\/p>\n<p>I \u00f6vrigt vill advokaten inte kommentera h\u00e4ndelsen.<\/p>\n<p>Kan avskedas fr\u00e5n regionen<\/p>\n<p>Parallellt med polisutredningen jobbar region J\u00f6nk\u00f6ping med en egen, arbetsr\u00e4ttslig utredning. Sjuksk\u00f6terskan \u2013 som har varit anst\u00e4lld i flera \u00e5r \u2013 \u00e4r avst\u00e4ngd fr\u00e5n jobbet sen den 9 augusti, och till <a href=\"https:\/\/www.jp.se\/jonkoping\/ryhov-pa-vag-att-sparka-sjukskoterskan-exceptionell-handelse\/\" rel=\"nofollow noopener\" target=\"_blank\">J\u00f6nk\u00f6pings-Posten<\/a> s\u00e4ger regionens HR-direkt\u00f6r Urban Funck att man \u00f6verv\u00e4ger att avskeda honom:<\/p>\n<p>\u2013 Vi grundar det p\u00e5 vad som har framkommit i utredningen hittills. Ett avsked kan man s\u00e4ga \u00e4r den h\u00e5rdaste bestraffningen som en arbetsgivare kan ta till mot en arbetstagare.<\/p>\n<p>Funck kallar det hela f\u00f6r \u201den exceptionell h\u00e4ndelse\u201d, och s\u00e4ger att man som patient inom h\u00e4lso- och sjukv\u00e5rden kan k\u00e4nna sig trygg.<\/p>\n<p>Polisens utredning forts\u00e4tter nu med vittnesf\u00f6rh\u00f6r och tekniska analyser. Det finns enligt \u00e5klagaren inga uppgifter om att sjuksk\u00f6terskan ska ha utsatt fler patienter f\u00f6r brott. Han \u00e4r tidigare ostraffad.<\/p>\n","protected":false},"excerpt":{"rendered":"Publicerad 28 aug 2026 kl 21.12 Sjuksk\u00f6terskan blev tagen p\u00e5 bar g\u00e4rning n\u00e4r han f\u00f6rgrep sig p\u00e5 en&hellip;\n","protected":false},"author":2,"featured_media":356649,"comment_status":"","ping_status":"","sticky":false,"template":"","format":"standard","meta":{"footnotes":"","_share_on_mastodon":"0"},"categories":[5],"tags":[22,23,26,27,17,21,559,24,25,28,29,15,16,18,34,12325,31,33,32,30,19,20],"class_list":["post-356648","post","type-post","status-publish","format-standard","has-post-thumbnail","category-rubriker","tag-breaking-news","tag-breakingnews","tag-featured-news","tag-featurednews","tag-headlines","tag-huvudnyheter","tag-jonkoping","tag-latest-news","tag-latestnews","tag-main-news","tag-mainnews","tag-news","tag-nyheter","tag-rubriker","tag-se","tag-sexualbrott","tag-svenska","tag-sverige","tag-sweden","tag-swedish","tag-top-stories","tag-topstories"],"share_on_mastodon":{"url":"https:\/\/pubeurope.com\/@se\/117177326175010343","error":""},"_links":{"self":[{"href":"https:\/\/www.europesays.com\/se\/wp-json\/wp\/v2\/posts\/356648","targetHints":{"allow":["GET"]}}],"collection":[{"href":"https:\/\/www.europesays.com\/se\/wp-json\/wp\/v2\/posts"}],"about":[{"href":"https:\/\/www.europesays.com\/se\/wp-json\/wp\/v2\/types\/post"}],"author":[{"embeddable":true,"href":"https:\/\/www.europesays.com\/se\/wp-json\/wp\/v2\/users\/2"}],"replies":[{"embeddable":true,"href":"https:\/\/www.europesays.com\/se\/wp-json\/wp\/v2\/comments?post=356648"}],"version-history":[{"count":0,"href":"https:\/\/www.europesays.com\/se\/wp-json\/wp\/v2\/posts\/356648\/revisions"}],"wp:featuredmedia":[{"embeddable":true,"href":"https:\/\/www.europesays.com\/se\/wp-json\/wp\/v2\/media\/356649"}],"wp:attachment":[{"href":"https:\/\/www.europesays.com\/se\/wp-json\/wp\/v2\/media?parent=356648"}],"wp:term":[{"taxonomy":"category","embeddable":true,"href":"https:\/\/www.europesays.com\/se\/wp-json\/wp\/v2\/categories?post=356648"},{"taxonomy":"post_tag","embeddable":true,"href":"https:\/\/www.europesays.com\/se\/wp-json\/wp\/v2\/tags?post=356648"}],"curies":[{"name":"wp","href":"https:\/\/api.w.org\/{rel}","templated":true}]}}