{"id":356666,"date":"2026-08-29T06:33:09","date_gmt":"2026-08-29T06:33:09","guid":{"rendered":"https:\/\/www.europesays.com\/se\/356666\/"},"modified":"2026-08-29T06:33:09","modified_gmt":"2026-08-29T06:33:09","slug":"stora-attacker-mellan-ryssland-och-ukraina-under-natten","status":"publish","type":"post","link":"https:\/\/www.europesays.com\/se\/356666\/","title":{"rendered":"Stora attacker mellan Ryssland och Ukraina under natten"},"content":{"rendered":"<p>Uppdaterad 29 aug 2026 kl 07.32Publicerad 29 aug 2026 kl 07.32<\/p>\n<p>Under natten har flera stora attacker rapporterats fr\u00e5n s\u00e5v\u00e4l Ryssland som Ukraina. I Butja utanf\u00f6r Kiev ska en lagerbyggnad ha tr\u00e4ffats varvid en stor brand utbr\u00f6t och en stor v\u00e4g fick st\u00e4ngas. I Rostovomr\u00e5det i Ryssland riktades attacker mot flera varuhus, bland annat i Aksaj, d\u00e4r personalen uppges ha evakuerats.<\/p>\n<p>            <a href=\"mailto:webbrattelse@expressen.se?subject=Fel%20i%20artikel%3A%20Stora%20attacker%20mellan%20Ryssland%20och%20Ukraina&amp;body=En%20l%C3%A4sare%20rapporterar%20fel%20i%20https%3A%2F%2Fwww.expressen.se%2Ftv%2Fnyheter%2Fvarlden%2Fstora-attacker-mellan-ryssland-och-ukraina%2F%0A%0AKommentar%3A%20\"><br \/>\n              Anm\u00e4l text- och faktafel<br \/>\n            <\/a><a href=\"https:\/\/www.expressen.se\/om-expressen\/sa-jobbar-vi-med-korrekta-publiceringar\/\" rel=\"nofollow noopener\" target=\"_blank\">V\u00e5ra kvalitetsrutiner<\/a><\/p>\n","protected":false},"excerpt":{"rendered":"Uppdaterad 29 aug 2026 kl 07.32Publicerad 29 aug 2026 kl 07.32 Under natten har flera stora attacker rapporterats&hellip;\n","protected":false},"author":2,"featured_media":356667,"comment_status":"","ping_status":"","sticky":false,"template":"","format":"standard","meta":{"footnotes":"","_share_on_mastodon":"0"},"categories":[14],"tags":[22,23,26,27,17,21,29556,29935,1744,24,25,28,29,15,16,30167,18,264,34,31,33,32,30,19,20,263,51,52,53,54],"class_list":["post-356666","post","type-post","status-publish","format-standard","has-post-thumbnail","category-varlden","tag-breaking-news","tag-breakingnews","tag-featured-news","tag-featurednews","tag-headlines","tag-huvudnyheter","tag-kiev","tag-krig-konflikt","tag-kriget-i-ukraina","tag-latest-news","tag-latestnews","tag-main-news","tag-mainnews","tag-news","tag-nyheter","tag-nyhetsvideo","tag-rubriker","tag-ryssland","tag-se","tag-svenska","tag-sverige","tag-sweden","tag-swedish","tag-top-stories","tag-topstories","tag-ukraina","tag-varlden","tag-world","tag-world-news","tag-worldnews"],"share_on_mastodon":{"url":"https:\/\/pubeurope.com\/@se\/117177405177240709","error":""},"_links":{"self":[{"href":"https:\/\/www.europesays.com\/se\/wp-json\/wp\/v2\/posts\/356666","targetHints":{"allow":["GET"]}}],"collection":[{"href":"https:\/\/www.europesays.com\/se\/wp-json\/wp\/v2\/posts"}],"about":[{"href":"https:\/\/www.europesays.com\/se\/wp-json\/wp\/v2\/types\/post"}],"author":[{"embeddable":true,"href":"https:\/\/www.europesays.com\/se\/wp-json\/wp\/v2\/users\/2"}],"replies":[{"embeddable":true,"href":"https:\/\/www.europesays.com\/se\/wp-json\/wp\/v2\/comments?post=356666"}],"version-history":[{"count":0,"href":"https:\/\/www.europesays.com\/se\/wp-json\/wp\/v2\/posts\/356666\/revisions"}],"wp:featuredmedia":[{"embeddable":true,"href":"https:\/\/www.europesays.com\/se\/wp-json\/wp\/v2\/media\/356667"}],"wp:attachment":[{"href":"https:\/\/www.europesays.com\/se\/wp-json\/wp\/v2\/media?parent=356666"}],"wp:term":[{"taxonomy":"category","embeddable":true,"href":"https:\/\/www.europesays.com\/se\/wp-json\/wp\/v2\/categories?post=356666"},{"taxonomy":"post_tag","embeddable":true,"href":"https:\/\/www.europesays.com\/se\/wp-json\/wp\/v2\/tags?post=356666"}],"curies":[{"name":"wp","href":"https:\/\/api.w.org\/{rel}","templated":true}]}}