{"id":356768,"date":"2026-08-29T08:14:20","date_gmt":"2026-08-29T08:14:20","guid":{"rendered":"https:\/\/www.europesays.com\/se\/356768\/"},"modified":"2026-08-29T08:14:20","modified_gmt":"2026-08-29T08:14:20","slug":"forsta-bilden-pa-haakon-vinkade-fran-limousinen","status":"publish","type":"post","link":"https:\/\/www.europesays.com\/se\/356768\/","title":{"rendered":"F\u00f6rsta bilden p\u00e5 Haakon \u2013 vinkade fr\u00e5n limousinen"},"content":{"rendered":"<p>Av Alice Hermansson<br \/>Publicerad: I g\u00e5r 11.39. Uppdaterad: I g\u00e5r 11.57<\/p>\n<p>Norges nye kung Haakon har anl\u00e4nt till slottet f\u00f6r ett extrainsatt kabinettsm\u00f6te med regeringen, skriver norska medier. <\/p>\n<p>Haakon vinkade till den massiva folksamlingen genom limousinens f\u00f6nster. Bredvid honom satt hans dotter och tronf\u00f6ljare, kronprinsessan Ingrid Alexandra. Sedan gick han ur bilen och in i slottet f\u00f6r f\u00f6rsta g\u00e5ngen som kung, skriver VG.<\/p>\n<p>Under m\u00f6tet med regeringen ska Haakon formellt ber\u00e4tta att hans far, kung Harald, har avlidit. D\u00e4r ska han ocks\u00e5 ber\u00e4tta vilket som ska bli hans kungliga namn och motto. Eftersom Ingrid Alexandra \u00e4r n\u00e4st i tronf\u00f6ljden och har uppn\u00e5tt myndig \u00e5lder ska hon avl\u00e4gga en skriftlig ed i stortinget.<\/p>\n<p>Omni \u00e4r politiskt obundna och oberoende. Vi str\u00e4var efter att ge fler perspektiv p\u00e5 nyheterna. Har du fr\u00e5gor eller synpunkter kring v\u00e5r rapportering? <a href=\"https:\/\/omni.se\/haakon-har-anlant-till-slottet-forsta-bilden-som-kung\/a\/mailto:redaktion@omni.se\" class=\"ArticleActions-module-scss-module__w9u9BG__contactLink\" rel=\"nofollow noopener\" target=\"_blank\">Kontakta redaktionen<\/a><\/p>\n","protected":false},"excerpt":{"rendered":"Av Alice HermanssonPublicerad: I g\u00e5r 11.39. Uppdaterad: I g\u00e5r 11.57 Norges nye kung Haakon har anl\u00e4nt till slottet&hellip;\n","protected":false},"author":2,"featured_media":356769,"comment_status":"","ping_status":"","sticky":false,"template":"","format":"standard","meta":{"footnotes":"","_share_on_mastodon":"0"},"categories":[5],"tags":[22,23,267,26,27,17,21,40565,24,25,28,29,15,430,16,14737,18,34,31,33,32,30,19,20],"class_list":["post-356768","post","type-post","status-publish","format-standard","has-post-thumbnail","category-rubriker","tag-breaking-news","tag-breakingnews","tag-europa","tag-featured-news","tag-featurednews","tag-headlines","tag-huvudnyheter","tag-kung-haralds-dod","tag-latest-news","tag-latestnews","tag-main-news","tag-mainnews","tag-news","tag-norge","tag-nyheter","tag-prinsessan-ingrid-alexandra","tag-rubriker","tag-se","tag-svenska","tag-sverige","tag-sweden","tag-swedish","tag-top-stories","tag-topstories"],"share_on_mastodon":{"url":"https:\/\/pubeurope.com\/@se\/117177802147433434","error":""},"_links":{"self":[{"href":"https:\/\/www.europesays.com\/se\/wp-json\/wp\/v2\/posts\/356768","targetHints":{"allow":["GET"]}}],"collection":[{"href":"https:\/\/www.europesays.com\/se\/wp-json\/wp\/v2\/posts"}],"about":[{"href":"https:\/\/www.europesays.com\/se\/wp-json\/wp\/v2\/types\/post"}],"author":[{"embeddable":true,"href":"https:\/\/www.europesays.com\/se\/wp-json\/wp\/v2\/users\/2"}],"replies":[{"embeddable":true,"href":"https:\/\/www.europesays.com\/se\/wp-json\/wp\/v2\/comments?post=356768"}],"version-history":[{"count":0,"href":"https:\/\/www.europesays.com\/se\/wp-json\/wp\/v2\/posts\/356768\/revisions"}],"wp:featuredmedia":[{"embeddable":true,"href":"https:\/\/www.europesays.com\/se\/wp-json\/wp\/v2\/media\/356769"}],"wp:attachment":[{"href":"https:\/\/www.europesays.com\/se\/wp-json\/wp\/v2\/media?parent=356768"}],"wp:term":[{"taxonomy":"category","embeddable":true,"href":"https:\/\/www.europesays.com\/se\/wp-json\/wp\/v2\/categories?post=356768"},{"taxonomy":"post_tag","embeddable":true,"href":"https:\/\/www.europesays.com\/se\/wp-json\/wp\/v2\/tags?post=356768"}],"curies":[{"name":"wp","href":"https:\/\/api.w.org\/{rel}","templated":true}]}}