{"id":356776,"date":"2026-08-29T08:22:29","date_gmt":"2026-08-29T08:22:29","guid":{"rendered":"https:\/\/www.europesays.com\/se\/356776\/"},"modified":"2026-08-29T08:22:29","modified_gmt":"2026-08-29T08:22:29","slug":"rodgront-brak-i-stockholm-mp-anklagas-for-hemliga-samtal-med-hogern","status":"publish","type":"post","link":"https:\/\/www.europesays.com\/se\/356776\/","title":{"rendered":"R\u00f6dgr\u00f6nt br\u00e5k i Stockholm \u2013 MP anklagas f\u00f6r hemliga samtal med h\u00f6gern"},"content":{"rendered":"<p>N\u00e5gra veckor f\u00f6re valet har en intern konflikt brutit ut i det r\u00f6dgr\u00f6na styret i Stockholm, skriver Expressen. Det \u00e4r V\u00e4nsterpartiet som anklagar Milj\u00f6partiet f\u00f6r att i hemlighet planera att samarbeta med h\u00f6gerpartierna efter valet. MP dementerar uppgifterna och s\u00e4ger att ett s\u00e5dant samarbete \u00e4r uteslutet.<\/p>\n<p>Men i ett brev som undertecknats av V-gruppledaren Tina Kratz beskrivs informationen som \u201dk\u00e4nslig\u201d och situationen som \u201dbr\u00e5dskande\u201d.<\/p>\n<p>Kratz vill inte sj\u00e4lv uttala sig om brevet utan h\u00e4nvisar till presstj\u00e4nsten, som uppger att det finns bevis f\u00f6r p\u00e5st\u00e5endena.<\/p>\n<p>\u2013 Vi vet genom f\u00f6rstahandsk\u00e4llor att Milj\u00f6partiet f\u00f6r samtal med Moderaterna och de andra h\u00f6gerpartierna. Vi ser allvarligt p\u00e5 deras samtal och \u00e4r djupt oroade \u00f6ver att Milj\u00f6partiet ska v\u00e4lja att styra med h\u00f6gern, s\u00e4ger Jessica Nordh, kommunikationschef.<\/p>\n<p>MP-toppen och trafikborgarr\u00e5det Lars Str\u00f6mgren s\u00e4ger \u00e5 sin sida att han tror att V f\u00f6rs\u00f6ker locka v\u00e4ljare fr\u00e5n hans parti.<\/p>\n<p>Just nu uppl\u00e5st f\u00f6r alla<\/p>\n<p>Det klassiska M-f\u00e4stet har blivit v\u00e4nster. Men efter fyra \u00e5r av dubbla v\u00e4nsterstyren ska tv\u00e5 miljoner stockholmare nu g\u00f6ra ett nytt val. I huvudstaden sl\u00e5ss en rad riksk\u00e4nda profiler, ex-ministrar och forna EU-parlamentariker om v\u00e4ljarnas gunst.<\/p>\n<p>L\u00e4s vidare med Omni Mer<\/p>\n<p>Omni \u00e4r politiskt obundna och oberoende. Vi str\u00e4var efter att ge fler perspektiv p\u00e5 nyheterna. Har du fr\u00e5gor eller synpunkter kring v\u00e5r rapportering? <a href=\"https:\/\/omni.se\/rodgront-brak-i-stockholm-mp-anklagas-for-hemliga-samtal-med-hogern\/a\/mailto:redaktion@omni.se\" class=\"ArticleActions-module-scss-module__w9u9BG__contactLink\" rel=\"nofollow noopener\" target=\"_blank\">Kontakta redaktionen<\/a><\/p>\n","protected":false},"excerpt":{"rendered":"N\u00e5gra veckor f\u00f6re valet har en intern konflikt brutit ut i det r\u00f6dgr\u00f6na styret i Stockholm, skriver Expressen.&hellip;\n","protected":false},"author":2,"featured_media":356777,"comment_status":"","ping_status":"","sticky":false,"template":"","format":"standard","meta":{"footnotes":"","_share_on_mastodon":"0"},"categories":[12],"tags":[22,23,26,27,17,21,24,25,28,29,1234,551,15,16,369,18,34,258,31,33,32,30,19,20,3416,1406],"class_list":["post-356776","post","type-post","status-publish","format-standard","has-post-thumbnail","category-sverige","tag-breaking-news","tag-breakingnews","tag-featured-news","tag-featurednews","tag-headlines","tag-huvudnyheter","tag-latest-news","tag-latestnews","tag-main-news","tag-mainnews","tag-miljopartiet","tag-moderaterna","tag-news","tag-nyheter","tag-politik","tag-rubriker","tag-se","tag-stockholm","tag-svenska","tag-sverige","tag-sweden","tag-swedish","tag-top-stories","tag-topstories","tag-valet-2026","tag-vansterpartiet"],"share_on_mastodon":{"url":"https:\/\/pubeurope.com\/@se\/117177833516515906","error":""},"_links":{"self":[{"href":"https:\/\/www.europesays.com\/se\/wp-json\/wp\/v2\/posts\/356776","targetHints":{"allow":["GET"]}}],"collection":[{"href":"https:\/\/www.europesays.com\/se\/wp-json\/wp\/v2\/posts"}],"about":[{"href":"https:\/\/www.europesays.com\/se\/wp-json\/wp\/v2\/types\/post"}],"author":[{"embeddable":true,"href":"https:\/\/www.europesays.com\/se\/wp-json\/wp\/v2\/users\/2"}],"replies":[{"embeddable":true,"href":"https:\/\/www.europesays.com\/se\/wp-json\/wp\/v2\/comments?post=356776"}],"version-history":[{"count":0,"href":"https:\/\/www.europesays.com\/se\/wp-json\/wp\/v2\/posts\/356776\/revisions"}],"wp:featuredmedia":[{"embeddable":true,"href":"https:\/\/www.europesays.com\/se\/wp-json\/wp\/v2\/media\/356777"}],"wp:attachment":[{"href":"https:\/\/www.europesays.com\/se\/wp-json\/wp\/v2\/media?parent=356776"}],"wp:term":[{"taxonomy":"category","embeddable":true,"href":"https:\/\/www.europesays.com\/se\/wp-json\/wp\/v2\/categories?post=356776"},{"taxonomy":"post_tag","embeddable":true,"href":"https:\/\/www.europesays.com\/se\/wp-json\/wp\/v2\/tags?post=356776"}],"curies":[{"name":"wp","href":"https:\/\/api.w.org\/{rel}","templated":true}]}}