{"id":356822,"date":"2026-08-29T09:05:12","date_gmt":"2026-08-29T09:05:12","guid":{"rendered":"https:\/\/www.europesays.com\/se\/356822\/"},"modified":"2026-08-29T09:05:12","modified_gmt":"2026-08-29T09:05:12","slug":"tido-vill-forbjuda-domda-att-tjana-pengar-pa-musik","status":"publish","type":"post","link":"https:\/\/www.europesays.com\/se\/356822\/","title":{"rendered":"Tid\u00f6 vill f\u00f6rbjuda d\u00f6mda att tj\u00e4na pengar p\u00e5 musik"},"content":{"rendered":"<p>Tid\u00f6partierna f\u00f6resl\u00e5r att d\u00f6mda personer inte ska kunna tj\u00e4na pengar p\u00e5 att skapa kultur om de brott de d\u00f6mts f\u00f6r. Det skriver alla fyra partierna i en debattartikel i Aftonbladet. De anser att det \u00e4r en kr\u00e4nkning mot brottsoffer och deras anh\u00f6riga att d\u00f6mda ska till\u00e5tas profitera p\u00e5 sina brott. <\/p>\n<p>\u201dGenom musik, b\u00f6cker, dokument\u00e4rer och andra kommersiella sammanhang kan grova brott och kriminella livsstilar paketeras och oms\u00e4ttas i betydande inkomster\u201d, heter det.<\/p>\n<p>Man har d\u00e4rf\u00f6r tillsatt en utredning som ska se \u00f6ver hur en s\u00e5dan lagstiftning kan se ut och hur inkomsterna fr\u00e5n kulturut\u00f6vningen i st\u00e4llet ska kunna g\u00e5 till brottsoffer.<\/p>\n<p>F\u00f6rslaget \u00e4r en del av regeringens utredning om s\u00e4rlagstiftning f\u00f6r g\u00e4ngkriminella.<\/p>\n<p>Om debatt\u00f6rerna<\/p>\n<p>Gunnar Str\u00f6mmer\u202f(M), justitieminister<\/p>\n<p>Henrik Vinge\u202f(SD), ordf\u00f6rande i justitieutskottet<\/p>\n<p>Christian Carlsson\u202f(KD), ordf\u00f6rande f\u00f6r socialutskottet<\/p>\n<p>Martin Melin\u202f(L), r\u00e4ttspolitisk talesperson<\/p>\n<p>Omni \u00e4r politiskt obundna och oberoende. Vi str\u00e4var efter att ge fler perspektiv p\u00e5 nyheterna. Har du fr\u00e5gor eller synpunkter kring v\u00e5r rapportering? <a href=\"https:\/\/omni.se\/tido-vill-forbjuda-domda-att-tjana-pengar-pa-musik\/a\/mailto:redaktion@omni.se\" class=\"ArticleActions-module-scss-module__w9u9BG__contactLink\" rel=\"nofollow noopener\" target=\"_blank\">Kontakta redaktionen<\/a><\/p>\n","protected":false},"excerpt":{"rendered":"Tid\u00f6partierna f\u00f6resl\u00e5r att d\u00f6mda personer inte ska kunna tj\u00e4na pengar p\u00e5 att skapa kultur om de brott de&hellip;\n","protected":false},"author":2,"featured_media":356823,"comment_status":"","ping_status":"","sticky":false,"template":"","format":"standard","meta":{"footnotes":"","_share_on_mastodon":"0"},"categories":[5],"tags":[22,23,445,26,27,17,21,24,25,28,29,15,16,2153,18,34,31,33,32,30,19,20,3416],"class_list":["post-356822","post","type-post","status-publish","format-standard","has-post-thumbnail","category-rubriker","tag-breaking-news","tag-breakingnews","tag-debatt","tag-featured-news","tag-featurednews","tag-headlines","tag-huvudnyheter","tag-latest-news","tag-latestnews","tag-main-news","tag-mainnews","tag-news","tag-nyheter","tag-regeringskansliet","tag-rubriker","tag-se","tag-svenska","tag-sverige","tag-sweden","tag-swedish","tag-top-stories","tag-topstories","tag-valet-2026"],"share_on_mastodon":{"url":"https:\/\/pubeurope.com\/@se\/117178002477062754","error":""},"_links":{"self":[{"href":"https:\/\/www.europesays.com\/se\/wp-json\/wp\/v2\/posts\/356822","targetHints":{"allow":["GET"]}}],"collection":[{"href":"https:\/\/www.europesays.com\/se\/wp-json\/wp\/v2\/posts"}],"about":[{"href":"https:\/\/www.europesays.com\/se\/wp-json\/wp\/v2\/types\/post"}],"author":[{"embeddable":true,"href":"https:\/\/www.europesays.com\/se\/wp-json\/wp\/v2\/users\/2"}],"replies":[{"embeddable":true,"href":"https:\/\/www.europesays.com\/se\/wp-json\/wp\/v2\/comments?post=356822"}],"version-history":[{"count":0,"href":"https:\/\/www.europesays.com\/se\/wp-json\/wp\/v2\/posts\/356822\/revisions"}],"wp:featuredmedia":[{"embeddable":true,"href":"https:\/\/www.europesays.com\/se\/wp-json\/wp\/v2\/media\/356823"}],"wp:attachment":[{"href":"https:\/\/www.europesays.com\/se\/wp-json\/wp\/v2\/media?parent=356822"}],"wp:term":[{"taxonomy":"category","embeddable":true,"href":"https:\/\/www.europesays.com\/se\/wp-json\/wp\/v2\/categories?post=356822"},{"taxonomy":"post_tag","embeddable":true,"href":"https:\/\/www.europesays.com\/se\/wp-json\/wp\/v2\/tags?post=356822"}],"curies":[{"name":"wp","href":"https:\/\/api.w.org\/{rel}","templated":true}]}}