{"id":356874,"date":"2026-08-29T10:10:12","date_gmt":"2026-08-29T10:10:12","guid":{"rendered":"https:\/\/www.europesays.com\/se\/356874\/"},"modified":"2026-08-29T10:10:12","modified_gmt":"2026-08-29T10:10:12","slug":"att-prokrastinera-och-leva-ger-en-saker-att-skriva-om","status":"publish","type":"post","link":"https:\/\/www.europesays.com\/se\/356874\/","title":{"rendered":"\u201dAtt prokrastinera och leva ger en saker att skriva om\u201d"},"content":{"rendered":"<p>Texasartisten Erykah Badu har precis sl\u00e4ppt sitt f\u00f6rsta album p\u00e5 11 \u00e5r. I sin intervju med The Guardian ber hon bara om en sak \u2013 att lampdimmern dras ner lite.<\/p>\n<p>Det nya albumet handlar mycket om s\u00e4tten m\u00e4n och kvinnor l\u00e4gger krokben f\u00f6r varandra och tar plats i varandras liv. Vissa av s\u00e5ngerna \u00e4r sj\u00e4lvbiografiska, s\u00e4ger hon, och vissa \u00e4r budskap hon vill ge sina d\u00f6ttrar. Sedan debuten f\u00f6r n\u00e4stan 30 \u00e5r sedan har hon hunnit bli mamma tre g\u00e5nger, och dessutom b\u00e5de doula och d\u00f6dsdoula.<\/p>\n<p>Badu slutar aldrig analysera och samla data om v\u00e4rlden omkring henne, s\u00e4ger hon.<\/p>\n<p>\u2013 Att prokrastinera och leva, l\u00e4ra sig saker och s\u00e5dant, det ger en saker att skriva om, s\u00e4ger hon.<\/p>\n<p>L\u00e4s hela intervjun via l\u00e4nken nedan.<\/p>\n<p>Under rubriken \u201dIntervjuer\u201d rekommenderar Omni-redaktionen under helgen n\u00e5gra intressanta intervjuer med personer fr\u00e5n flera vitt skilda branscher.<\/p>\n<p>Svepen \u00e4r en del av Omnis helgsatsning med rekommendationer p\u00e5 l\u00e4sv\u00e4rda, aktuella och intressanta recensioner och intervjuer som publiceras varje helg. <\/p>\n<p>Omni \u00e4r politiskt obundna och oberoende. Vi str\u00e4var efter att ge fler perspektiv p\u00e5 nyheterna. Har du fr\u00e5gor eller synpunkter kring v\u00e5r rapportering? <a href=\"https:\/\/omni.se\/att-prokrastinera-och-leva-ger-en-saker-att-skriva-om\/a\/mailto:redaktion@omni.se\" class=\"ArticleActions-module-scss-module__w9u9BG__contactLink\" rel=\"nofollow noopener\" target=\"_blank\">Kontakta redaktionen<\/a><\/p>\n","protected":false},"excerpt":{"rendered":"Texasartisten Erykah Badu har precis sl\u00e4ppt sitt f\u00f6rsta album p\u00e5 11 \u00e5r. I sin intervju med The Guardian&hellip;\n","protected":false},"author":2,"featured_media":356875,"comment_status":"","ping_status":"","sticky":false,"template":"","format":"standard","meta":{"footnotes":"","_share_on_mastodon":"0"},"categories":[67],"tags":[104,40575,270,172,34,31,33,32,30,105],"class_list":["post-356874","post","type-post","status-publish","format-standard","has-post-thumbnail","category-underhallning","tag-entertainment","tag-erykah-badu","tag-helg","tag-musik","tag-se","tag-svenska","tag-sverige","tag-sweden","tag-swedish","tag-underhallning"],"share_on_mastodon":{"url":"https:\/\/pubeurope.com\/@se\/117178258266721013","error":""},"_links":{"self":[{"href":"https:\/\/www.europesays.com\/se\/wp-json\/wp\/v2\/posts\/356874","targetHints":{"allow":["GET"]}}],"collection":[{"href":"https:\/\/www.europesays.com\/se\/wp-json\/wp\/v2\/posts"}],"about":[{"href":"https:\/\/www.europesays.com\/se\/wp-json\/wp\/v2\/types\/post"}],"author":[{"embeddable":true,"href":"https:\/\/www.europesays.com\/se\/wp-json\/wp\/v2\/users\/2"}],"replies":[{"embeddable":true,"href":"https:\/\/www.europesays.com\/se\/wp-json\/wp\/v2\/comments?post=356874"}],"version-history":[{"count":0,"href":"https:\/\/www.europesays.com\/se\/wp-json\/wp\/v2\/posts\/356874\/revisions"}],"wp:featuredmedia":[{"embeddable":true,"href":"https:\/\/www.europesays.com\/se\/wp-json\/wp\/v2\/media\/356875"}],"wp:attachment":[{"href":"https:\/\/www.europesays.com\/se\/wp-json\/wp\/v2\/media?parent=356874"}],"wp:term":[{"taxonomy":"category","embeddable":true,"href":"https:\/\/www.europesays.com\/se\/wp-json\/wp\/v2\/categories?post=356874"},{"taxonomy":"post_tag","embeddable":true,"href":"https:\/\/www.europesays.com\/se\/wp-json\/wp\/v2\/tags?post=356874"}],"curies":[{"name":"wp","href":"https:\/\/api.w.org\/{rel}","templated":true}]}}