{"id":356926,"date":"2026-08-29T11:14:22","date_gmt":"2026-08-29T11:14:22","guid":{"rendered":"https:\/\/www.europesays.com\/se\/356926\/"},"modified":"2026-08-29T11:14:22","modified_gmt":"2026-08-29T11:14:22","slug":"busch-kd-ar-tidos-hopp-2","status":"publish","type":"post","link":"https:\/\/www.europesays.com\/se\/356926\/","title":{"rendered":"Busch: KD \u00e4r Tid\u00f6s hopp"},"content":{"rendered":"\n<ul class=\"_gallery_1f6gv_33\" tabindex=\"0\">\n<li class=\"_item_1f6gv_64\" data-index=\"0\"><img fetchpriority=\"high\" decoding=\"async\" alt=\"\" class=\"_image_1rh6a_27 _introGallery_1rh6a_47\" data-fullscreen- width=\"7245\" height=\"4830\" itemprop=\"image\" loading=\"eager\"  src=\"https:\/\/www.europesays.com\/se\/wp-content\/uploads\/2026\/08\/1788002061_403_5316c304-77b7-3432-b461-63d3e2cd68a1.jpeg\"  style=\"object-position:50% 50%;aspect-ratio:var(--gallery-aspect-ratio, 16 \/ 9)\"\/>KD-ledaren Ebba Busch p\u00e5 Stortorget i \u00d6rebro under sin bussturn\u00e9. Foto: Pontus Lundahl\/TT<\/li>\n<li class=\"_item_1f6gv_64\" data-index=\"1\"><img decoding=\"async\" alt=\"\" class=\"_image_1rh6a_27 _introGallery_1rh6a_47\" data-fullscreen- width=\"5760\" height=\"3840\" itemprop=\"image\" loading=\"lazy\"  src=\"https:\/\/www.europesays.com\/se\/wp-content\/uploads\/2026\/08\/9dcfea1d-2931-33ca-88d2-23da332c4035.jpeg\"  style=\"object-position:50% 50%;aspect-ratio:var(--gallery-aspect-ratio, 16 \/ 9)\"\/>Kristdemokraternas partiledare Ebba Busch h\u00e5ller torgm\u00f6te i \u00d6rebro. Foto: Pontus Lundahl\/TT<\/li>\n<\/ul>\n<p>KD-ledaren Ebba Busch p\u00e5 Stortorget i \u00d6rebro under sin bussturn\u00e9. Foto: Pontus Lundahl\/TT<\/p>\n<p class=\"_textTheme_zldsx_1 _lead_16k26_2 _lead_3ue4t_18 layout-component layout-normal layout-padded _lead_o6m9k_5 _leadTheme_1q6sv_1 body-large bold\">KD-ledaren Ebba Busch ser \u201den h\u00f6ger med hj\u00e4rta\u201d som Tid\u00f6partiernas hopp.<\/p>\n<p class=\"_textTheme_zldsx_1 _lead_16k26_2 _lead_3ue4t_18 layout-component layout-normal layout-padded _lead_o6m9k_5 _leadTheme_1q6sv_1 body-large bold\">Och hon h\u00e5ller inte med finansministern om att det \u00e4r ont om pengar till vall\u00f6ften.<\/p>\n<p class=\"_textTheme_zldsx_1 _paragraph_16k26_4 _paragraph_3ue4t_27 layout-component layout-normal layout-padded body-medium\">Busch \u00e4r ute p\u00e5 valturn\u00e9 med \u201dBusch-bussen\u201d hela helgen och k\u00e4nner medvind.<\/p>\n<p class=\"_textTheme_zldsx_1 _paragraph_16k26_4 _paragraph_3ue4t_27 layout-component layout-normal layout-padded body-medium\">\u2013 Jag k\u00e4nner att det h\u00e4nder saker. Grytan kokar nu, s\u00e4ger hon.<\/p>\n<p class=\"_textTheme_zldsx_1 _paragraph_16k26_4 _paragraph_3ue4t_27 layout-component layout-normal layout-padded body-medium\">KD ligger i opinionsm\u00e4tningarna \u00f6ver sitt valresultat fr\u00e5n 2022 och v\u00e4ljarnas f\u00f6rtroende f\u00f6r Ebba Busch \u00f6kar.<\/p>\n<p class=\"_textTheme_zldsx_1 _paragraph_16k26_4 _paragraph_3ue4t_27 layout-component layout-normal layout-padded body-medium\">Strax f\u00f6re sommaren tyckte Busch att Tid\u00f6partierna var alltf\u00f6r modf\u00e4llda av opinionsl\u00e4get. Hon trodde p\u00e5 en comeback f\u00f6r \u201dden bl\u00e5gula sidan\u201d .<\/p>\n<p class=\"_textTheme_zldsx_1 _paragraph_16k26_4 _paragraph_3ue4t_27 layout-component layout-normal layout-padded body-medium\">\u2013 Jag sade att jag \u00e4r beredd att axla den comebacken sj\u00e4lv om det beh\u00f6vs, s\u00e4ger Busch.<\/p>\n<p class=\"_textTheme_zldsx_1 _paragraph_16k26_4 _paragraph_3ue4t_27 layout-component layout-normal layout-padded body-medium\">\u2013 Det \u00e4r det vi f\u00f6rs\u00f6ker leverera nu.<\/p>\n<p> Mer hj\u00e4rta <\/p>\n<p class=\"_textTheme_zldsx_1 _paragraph_16k26_4 _paragraph_3ue4t_27 layout-component layout-normal layout-padded body-medium\">Busch menar att det \u00e4r ett framg\u00e5ngsrecept att h\u00e5lla fast vid ordning och reda i migrations- och kriminalpolitiken, samtidigt som man satsar mer p\u00e5 v\u00e4lf\u00e4rdsfr\u00e5gor och p\u00e5 en annan typ av ledarskap.<\/p>\n<p class=\"_textTheme_zldsx_1 _paragraph_16k26_4 _paragraph_3ue4t_27 layout-component layout-normal layout-padded body-medium\">\u2013 Lite mognare, lite mer samarbetsinriktat och mer av Sveriges b\u00e4sta \u00e4n av partitaktik, s\u00e4ger hon.<\/p>\n<p class=\"_textTheme_zldsx_1 _paragraph_16k26_4 _paragraph_3ue4t_27 layout-component layout-normal layout-padded body-medium\">KD:s linje \u201den h\u00f6ger med hj\u00e4rta\u201d tror Busch \u00e4r hoppet f\u00f6r Tid\u00f6partierna fram\u00f6ver.<\/p>\n<p class=\"_textTheme_zldsx_1 _paragraph_16k26_4 _paragraph_3ue4t_27 layout-component layout-normal layout-padded body-medium\">\u2013 Ja, det tror jag. Det beh\u00f6vs f\u00f6rslag som p\u00e5 riktigt g\u00f6r Sverige varmare och v\u00e4nligare, men ocks\u00e5 starkare.<\/p>\n<p class=\"_textTheme_zldsx_1 _paragraph_16k26_4 _paragraph_3ue4t_27 layout-component layout-normal layout-padded body-medium\">En av KD:s viktigaste valfr\u00e5gor \u00e4r att g\u00f6ra livet l\u00e4ttare f\u00f6r familjerna, bland annat ekonomiskt.<\/p>\n<p class=\"_textTheme_zldsx_1 _paragraph_16k26_4 _paragraph_3ue4t_27 layout-component layout-normal layout-padded body-medium\">Busch uppger att hon i en eventuell Tid\u00f6regering efter valet ska sl\u00e5ss f\u00f6r att h\u00f6ja barnbidraget till 2 000 kronor i m\u00e5naden och minska barngrupperna i f\u00f6rskolan.<\/p>\n<p class=\"_textTheme_zldsx_1 _paragraph_16k26_4 _paragraph_3ue4t_27 layout-component layout-normal layout-padded body-medium\">Det \u00e4r bara tv\u00e5 av m\u00e5nga vall\u00f6ften KD utf\u00e4rdat. Partiets l\u00f6ften kommer att konkurrera med de andra Tid\u00f6partiernas vall\u00f6ften om de vinner valet.<\/p>\n<p> Ifr\u00e5gas\u00e4tter Svantessons budskap <\/p>\n<p class=\"_textTheme_zldsx_1 _paragraph_16k26_4 _paragraph_3ue4t_27 layout-component layout-normal layout-padded body-medium\">Finansminister Elisabeth Svantessons (M) budskap \u00e4r att n\u00e4sta regerings kassa f\u00f6r nya reformer \u00e4r liten. Moderaterna tycker att alla partier borde visa hur deras vall\u00f6ften ska finansieras.<\/p>\n<p class=\"_textTheme_zldsx_1 _paragraph_16k26_4 _paragraph_3ue4t_27 layout-component layout-normal layout-padded body-medium\">\u2013 Det g\u00f6r de inte sj\u00e4lva heller, s\u00e5 jag \u00e4r inte orolig f\u00f6r det, s\u00e4ger Busch.<\/p>\n<p class=\"_textTheme_zldsx_1 _paragraph_16k26_4 _paragraph_3ue4t_27 layout-component layout-normal layout-padded body-medium\">Reformutrymmet f\u00f6r hela n\u00e4sta mandatperiod bed\u00f6mer Svantesson vara 50 miljarder. Den siffran \u00e4r inte given, p\u00e5pekar Busch.<\/p>\n<p class=\"_textTheme_zldsx_1 _paragraph_16k26_4 _paragraph_3ue4t_27 layout-component layout-normal layout-padded body-medium\">\u2013 Det bygger p\u00e5 en rad antaganden som kan \u00e4ndras.<\/p>\n<p class=\"_textTheme_zldsx_1 _paragraph_16k26_4 _paragraph_3ue4t_27 layout-component layout-normal layout-padded body-medium\">Busch pekar p\u00e5 att svensk ekonomin kan v\u00e4xa snabbare \u00e4n finansministerns prognoser.<\/p>\n<p class=\"_textTheme_zldsx_1 _paragraph_16k26_4 _paragraph_3ue4t_27 layout-component layout-normal layout-padded body-medium\">Hon ser heller inget fel i att l\u00e5na pengar f\u00f6r viktiga investeringar som ocks\u00e5 kan \u00f6ka tillv\u00e4xten.<\/p>\n<p class=\"_textTheme_zldsx_1 _paragraph_16k26_4 _paragraph_3ue4t_27 layout-component layout-normal layout-padded body-medium\">\u2013 Jag utesluter inte att vi kommer beh\u00f6va sl\u00e4ppa p\u00e5 mer av de ekonomiska musklerna om det beh\u00f6vs.<\/p>\n<p> Inget S-st\u00f6dhjul <\/p>\n<p class=\"_textTheme_zldsx_1 _paragraph_16k26_4 _paragraph_3ue4t_27 layout-component layout-normal layout-padded body-medium\">Busch tycker inte att finansministern beh\u00f6ver bekymra sig f\u00f6r KD:s vall\u00f6ften.<\/p>\n<p class=\"_textTheme_zldsx_1 _paragraph_16k26_4 _paragraph_3ue4t_27 layout-component layout-normal layout-padded body-medium\">\u2013 Vi har alltid tagit ansvar f\u00f6r att ekonomin ska g\u00e5 ihop, s\u00e5 det beh\u00f6ver man inte vara orolig f\u00f6r.<\/p>\n<p class=\"_textTheme_zldsx_1 _paragraph_16k26_4 _paragraph_3ue4t_27 layout-component layout-normal layout-padded body-medium\">Det har spekulerats i om KD kan samarbeta med en eventuell S-ledd regering efter valet. Busch och S-ledaren Magdalena Andersson har redan str\u00e4ckt ut handen till varandra i olika fr\u00e5gor.<\/p>\n<p class=\"_textTheme_zldsx_1 _paragraph_16k26_4 _paragraph_3ue4t_27 layout-component layout-normal layout-padded body-medium\">Busch f\u00f6rtydligar att KD kan komma \u00f6verens med S i enskilda fr\u00e5gor, men att n\u00e5gon organiserad samverkan, som budgetsamarbete, inte \u00e4r aktuellt.<\/p>\n<p class=\"_textTheme_zldsx_1 _paragraph_16k26_4 _paragraph_3ue4t_27 layout-component layout-normal layout-padded body-medium\">\u2013 KD kommer inte vara ett socialdemokratiskt st\u00f6dhjul.<\/p>\n<p class=\"_textTheme_zldsx_1 _paragraph_16k26_4 _paragraph_3ue4t_27 layout-component layout-normal layout-padded body-medium\">P\u00e5 fr\u00e5gan om Busch under n\u00e5gon omst\u00e4ndighet kan s\u00e4ga ja till Andersson som statsminister, svarar hon:<\/p>\n<p class=\"_textTheme_zldsx_1 _paragraph_16k26_4 _paragraph_3ue4t_27 layout-component layout-normal layout-padded body-medium\">\u2013 Krig, kris och exceptionellt l\u00e4ge. D\u00e5 \u00e4r jag beredd att ta ansvar f\u00f6r Sverige.<\/p>\n<p>  Tio viktiga KD-l\u00f6ften<\/p>\n<p class=\"_textTheme_zldsx_1 _paragraph_16k26_4 _paragraph_3ue4t_27 _paragraph_bv8db_65 layout-component layout-normal layout-padded body-small\">Kapa v\u00e5rdk\u00f6er genom att l\u00e5ta staten ta \u00f6ver v\u00e5rden.<\/p>\n<p class=\"_textTheme_zldsx_1 _paragraph_16k26_4 _paragraph_3ue4t_27 _paragraph_bv8db_65 layout-component layout-normal layout-padded body-small\">Sk\u00e4rp v\u00e5rdgarantin.<\/p>\n<p class=\"_textTheme_zldsx_1 _paragraph_16k26_4 _paragraph_3ue4t_27 _paragraph_bv8db_65 layout-component layout-normal layout-padded body-small\">Max tolv barn i f\u00f6rskolans sm\u00e5barnsgrupper.<\/p>\n<p class=\"_textTheme_zldsx_1 _paragraph_16k26_4 _paragraph_3ue4t_27 _paragraph_bv8db_65 layout-component layout-normal layout-padded body-small\">H\u00f6j barnbidraget till 2 000 kronor.<\/p>\n<p class=\"_textTheme_zldsx_1 _paragraph_16k26_4 _paragraph_3ue4t_27 _paragraph_bv8db_65 layout-component layout-normal layout-padded body-small\">Nej till kvotering av f\u00f6r\u00e4ldraledigheten.<\/p>\n<p class=\"_textTheme_zldsx_1 _paragraph_16k26_4 _paragraph_3ue4t_27 _paragraph_bv8db_65 layout-component layout-normal layout-padded body-small\">Bygg ut f\u00f6r\u00e4ldraf\u00f6rs\u00e4kringen successivt med sex m\u00e5nader.<\/p>\n<p class=\"_textTheme_zldsx_1 _paragraph_16k26_4 _paragraph_3ue4t_27 _paragraph_bv8db_65 layout-component layout-normal layout-padded body-small\">Mammabonus i pensionssystemet.<\/p>\n<p class=\"_textTheme_zldsx_1 _paragraph_16k26_4 _paragraph_3ue4t_27 _paragraph_bv8db_65 layout-component layout-normal layout-padded body-small\">S\u00e4nkt skatt f\u00f6r l\u00e5g- och medelinkomsttagare.<\/p>\n<p class=\"_textTheme_zldsx_1 _paragraph_16k26_4 _paragraph_3ue4t_27 _paragraph_bv8db_65 layout-component layout-normal layout-padded body-small\">Avskaffad reavinstskatt n\u00e4r man bott i samma bostad under l\u00e5ng tid.<\/p>\n<p class=\"_textTheme_zldsx_1 _paragraph_16k26_4 _paragraph_3ue4t_27 _paragraph_bv8db_65 layout-component layout-normal layout-padded body-small\">F\u00f6rbud mot niqab och burka i offentlig milj\u00f6.<\/p>\n<p class=\"_textTheme_zldsx_1 _paragraph_16k26_4 _paragraph_3ue4t_27 _paragraph_bv8db_65 layout-component layout-normal layout-padded body-small\">K\u00e4lla: KD:s valmanifest<\/p>\n<p>L\u00e4s mer     <\/p>\n","protected":false},"excerpt":{"rendered":"KD-ledaren Ebba Busch p\u00e5 Stortorget i \u00d6rebro under sin bussturn\u00e9. Foto: Pontus Lundahl\/TT Kristdemokraternas partiledare Ebba Busch h\u00e5ller&hellip;\n","protected":false},"author":2,"featured_media":356927,"comment_status":"","ping_status":"","sticky":false,"template":"","format":"standard","meta":{"footnotes":"","_share_on_mastodon":"0"},"categories":[5],"tags":[22,23,26,27,17,21,24,25,28,29,551,15,16,18,34,31,33,32,30,19,20],"class_list":["post-356926","post","type-post","status-publish","format-standard","has-post-thumbnail","category-rubriker","tag-breaking-news","tag-breakingnews","tag-featured-news","tag-featurednews","tag-headlines","tag-huvudnyheter","tag-latest-news","tag-latestnews","tag-main-news","tag-mainnews","tag-moderaterna","tag-news","tag-nyheter","tag-rubriker","tag-se","tag-svenska","tag-sverige","tag-sweden","tag-swedish","tag-top-stories","tag-topstories"],"share_on_mastodon":{"url":"https:\/\/pubeurope.com\/@se\/117178510073430774","error":""},"_links":{"self":[{"href":"https:\/\/www.europesays.com\/se\/wp-json\/wp\/v2\/posts\/356926","targetHints":{"allow":["GET"]}}],"collection":[{"href":"https:\/\/www.europesays.com\/se\/wp-json\/wp\/v2\/posts"}],"about":[{"href":"https:\/\/www.europesays.com\/se\/wp-json\/wp\/v2\/types\/post"}],"author":[{"embeddable":true,"href":"https:\/\/www.europesays.com\/se\/wp-json\/wp\/v2\/users\/2"}],"replies":[{"embeddable":true,"href":"https:\/\/www.europesays.com\/se\/wp-json\/wp\/v2\/comments?post=356926"}],"version-history":[{"count":0,"href":"https:\/\/www.europesays.com\/se\/wp-json\/wp\/v2\/posts\/356926\/revisions"}],"wp:featuredmedia":[{"embeddable":true,"href":"https:\/\/www.europesays.com\/se\/wp-json\/wp\/v2\/media\/356927"}],"wp:attachment":[{"href":"https:\/\/www.europesays.com\/se\/wp-json\/wp\/v2\/media?parent=356926"}],"wp:term":[{"taxonomy":"category","embeddable":true,"href":"https:\/\/www.europesays.com\/se\/wp-json\/wp\/v2\/categories?post=356926"},{"taxonomy":"post_tag","embeddable":true,"href":"https:\/\/www.europesays.com\/se\/wp-json\/wp\/v2\/tags?post=356926"}],"curies":[{"name":"wp","href":"https:\/\/api.w.org\/{rel}","templated":true}]}}