{"id":357008,"date":"2026-08-29T12:50:51","date_gmt":"2026-08-29T12:50:51","guid":{"rendered":"https:\/\/www.europesays.com\/se\/357008\/"},"modified":"2026-08-29T12:50:51","modified_gmt":"2026-08-29T12:50:51","slug":"beastie-boys-sangarens-debut-tog-tva-veckor","status":"publish","type":"post","link":"https:\/\/www.europesays.com\/se\/357008\/","title":{"rendered":"Beastie Boys-s\u00e5ngarens debut tog tv\u00e5 veckor"},"content":{"rendered":"<p>Exakt 40 \u00e5r efter Beastie Boys bejublade debut \u201dLicensed to ill\u201d sl\u00e4pper en av gruppens frontm\u00e4n sin debutskiva. I en intervju med The Independent ber\u00e4ttar den 60-\u00e5rige Michael \u201dMike D\u201d Diamond om arbetet med albumet \u201dThank you\u201d, som tog tv\u00e5 veckor att spela in i en hemmastudio.<\/p>\n<p>Inspirationen till l\u00e5tarna kom till stor del fr\u00e5n Beastie Boys-kollegan Adam \u201dMCA\u201d Yauch, som gick bort i cancer f\u00f6r 14 \u00e5r sedan.<\/p>\n<p>\u2013 Jag k\u00e4nner att han hade ett inflytande p\u00e5 mig n\u00e4r jag gjorde den h\u00e4r skivan, s\u00e4ger Diamond och beskriver Yauch som en \u201dstorebror\u201d.<\/p>\n<p>L\u00e4s hela intervjun via l\u00e4nken nedan.<\/p>\n<p>Under rubriken \u201dIntervjuer\u201d rekommenderar Omni-redaktionen under helgen n\u00e5gra intressanta intervjuer med personer fr\u00e5n flera vitt skilda branscher.<\/p>\n<p>Svepen \u00e4r en del av Omnis helgsatsning med rekommendationer p\u00e5 l\u00e4sv\u00e4rda, aktuella och intressanta recensioner och intervjuer som publiceras varje helg. <\/p>\n<p>Omni \u00e4r politiskt obundna och oberoende. Vi str\u00e4var efter att ge fler perspektiv p\u00e5 nyheterna. Har du fr\u00e5gor eller synpunkter kring v\u00e5r rapportering? <a href=\"https:\/\/omni.se\/beastie-boys-sangarens-debutalbum-tog-tva-veckor\/a\/mailto:redaktion@omni.se\" class=\"ArticleActions-module-scss-module__w9u9BG__contactLink\" rel=\"nofollow noopener\" target=\"_blank\">Kontakta redaktionen<\/a><\/p>\n","protected":false},"excerpt":{"rendered":"Exakt 40 \u00e5r efter Beastie Boys bejublade debut \u201dLicensed to ill\u201d sl\u00e4pper en av gruppens frontm\u00e4n sin debutskiva.&hellip;\n","protected":false},"author":2,"featured_media":357009,"comment_status":"","ping_status":"","sticky":false,"template":"","format":"standard","meta":{"footnotes":"","_share_on_mastodon":"0"},"categories":[67],"tags":[104,270,172,34,31,33,32,30,105],"class_list":["post-357008","post","type-post","status-publish","format-standard","has-post-thumbnail","category-underhallning","tag-entertainment","tag-helg","tag-musik","tag-se","tag-svenska","tag-sverige","tag-sweden","tag-swedish","tag-underhallning"],"share_on_mastodon":{"url":"https:\/\/pubeurope.com\/@se\/117178891423447961","error":""},"_links":{"self":[{"href":"https:\/\/www.europesays.com\/se\/wp-json\/wp\/v2\/posts\/357008","targetHints":{"allow":["GET"]}}],"collection":[{"href":"https:\/\/www.europesays.com\/se\/wp-json\/wp\/v2\/posts"}],"about":[{"href":"https:\/\/www.europesays.com\/se\/wp-json\/wp\/v2\/types\/post"}],"author":[{"embeddable":true,"href":"https:\/\/www.europesays.com\/se\/wp-json\/wp\/v2\/users\/2"}],"replies":[{"embeddable":true,"href":"https:\/\/www.europesays.com\/se\/wp-json\/wp\/v2\/comments?post=357008"}],"version-history":[{"count":0,"href":"https:\/\/www.europesays.com\/se\/wp-json\/wp\/v2\/posts\/357008\/revisions"}],"wp:featuredmedia":[{"embeddable":true,"href":"https:\/\/www.europesays.com\/se\/wp-json\/wp\/v2\/media\/357009"}],"wp:attachment":[{"href":"https:\/\/www.europesays.com\/se\/wp-json\/wp\/v2\/media?parent=357008"}],"wp:term":[{"taxonomy":"category","embeddable":true,"href":"https:\/\/www.europesays.com\/se\/wp-json\/wp\/v2\/categories?post=357008"},{"taxonomy":"post_tag","embeddable":true,"href":"https:\/\/www.europesays.com\/se\/wp-json\/wp\/v2\/tags?post=357008"}],"curies":[{"name":"wp","href":"https:\/\/api.w.org\/{rel}","templated":true}]}}