{"id":357058,"date":"2026-08-29T14:02:15","date_gmt":"2026-08-29T14:02:15","guid":{"rendered":"https:\/\/www.europesays.com\/se\/357058\/"},"modified":"2026-08-29T14:02:15","modified_gmt":"2026-08-29T14:02:15","slug":"larmet-om-mordarrakan-kan-spridas-fran-vattern","status":"publish","type":"post","link":"https:\/\/www.europesays.com\/se\/357058\/","title":{"rendered":"Larmet om \u201dm\u00f6rdarr\u00e4kan\u201d \u2013 kan spridas fr\u00e5n V\u00e4ttern"},"content":{"rendered":"<p>Uppdaterad 29 aug 2026 kl 13.25Publicerad 29 aug 2026 kl 11.42<\/p>\n<p>\u201dM\u00f6rdarr\u00e4kan\u201d har f\u00e5tt f\u00e4ste i V\u00e4ttern.\u00a0<\/p>\n<p>Den beskrivs som aggressiv, glupsk \u2013 och f\u00f6r\u00f6dande f\u00f6r ekosystemet.<\/p>\n<p>Nu varnar l\u00e4nsstyrelsen f\u00f6r att kr\u00e4ftfiskare kan r\u00e5ka sprida arten vidare.<\/p>\n<p><img   alt=\"\"\/><\/p>\n<p>R\u00e4kan har f\u00e5tt f\u00e4ste i V\u00e4ttern.<\/p>\n<p>Foto: Per-Olov Eriksson \/NATURFOTOGRAFERNA \/ TT<\/p>\n<p>\u00d6ppna bild i helsk\u00e4rm<img loading=\"lazy\"   alt=\"\"\/><\/p>\n<p>\u201dM\u00f6rdarr\u00e4kan\u201d<\/p>\n<p>\u00d6ppna bild i helsk\u00e4rm<\/p>\n<p>I fredags kv\u00e4ll startade det allm\u00e4nna kr\u00e4ftfisket i <a href=\"https:\/\/www.expressen.se\/tagg\/location\/vattern\/\" class=\"\" rel=\"nofollow noopener\" target=\"_blank\">V\u00e4ttern<\/a> \u2013 n\u00e5got som lockar glada fiskare fr\u00e5n hela landet.<\/p>\n<p>Men i \u00e5r kommer fisket med en varning, rapporterar <a href=\"https:\/\/www.svt.se\/nyheter\/lokalt\/jonkoping\/oro-for-att-fruktade-rovmarlan-ska-spridas-av-vatterns-kraftfiskare\" rel=\"nofollow noopener\" target=\"_blank\">SVT<\/a> och <a href=\"https:\/\/www.tv4.se\/artikel\/3xmcy10A8vw0SA3sNf7Jlf\/varnar-foer-moerdarraekan-fa-inte-med-den-haerifran\" rel=\"nofollow noopener\" target=\"_blank\">TV4.<\/a>\u00a0<\/p>\n<p>I sj\u00f6n lurar en st\u00f6rre rovm\u00e4rla: ett invasivt kr\u00e4ftdjur som f\u00e5tt smeknamnet, \u201dm\u00f6rdarr\u00e4kan\u201d.<\/p>\n<p>Arten uppt\u00e4cktes f\u00f6r f\u00f6rsta g\u00e5ngen i Sverige p\u00e5 V\u00e4tterns \u00f6stkust 2023, och har sedan dess spridit sig till 18 olika platser i sj\u00f6n.<\/p>\n<p>Liten men arg<\/p>\n<p>Trots sitt namn \u201dst\u00f6rre rovm\u00e4rla\u201d kan r\u00e4kan bara bli upp\u00e5t tre centimeter l\u00e5ng. Men den d\u00f6dar fler djur \u00e4n vad den \u00e4ter och har ett aggressivt beteende som kan p\u00e5verka hela ekosystemet, enligt Havs- och vattenmyndigheten.<\/p>\n<p>Nu finns en oro f\u00f6r att den ska f\u00e5 hj\u00e4lp att ta sig vidare till andra svenska vatten, framf\u00f6r allt med hj\u00e4lp av kr\u00e4ftfiskare.<\/p>\n<p>\u2013 Det \u00e4r nog bara en tidsfr\u00e5ga innan den dyker upp i andra sj\u00f6ar tyv\u00e4rr, s\u00e4ger Anton Halld\u00e9n, chef f\u00f6r fiskeenheten p\u00e5 L\u00e4nsstyrelsen J\u00f6nk\u00f6ping till SVT.<\/p>\n<p>L\u00e4nsstyrelsens varning: \u201dT\u00f6m, tv\u00e4tta, torka\u201d<\/p>\n<p>L\u00e4nsstyrelsen i J\u00f6nk\u00f6ping varnar nu f\u00f6r den aggressiva r\u00e4kan. Risken finns att de sm\u00e5 djuren f\u00f6ljer med alltifr\u00e5n b\u00e5tar, kr\u00e4ftburar och annan fiskeutrustning hem.<\/p>\n<p>David Solstorm \u00e4r fiskekonsulent vid l\u00e4nsstyrelsen i J\u00f6nk\u00f6ping.<\/p>\n<p>\u2013 Anv\u00e4nd inte fiskeredskapen i era hemmavatten. T\u00f6m, tv\u00e4tta, torka allting ordentligt innan ni g\u00f6r det, annars \u00e4r risken \u00f6verh\u00e4ngande att ni har dem d\u00e4r ocks\u00e5. D\u00e5 \u00e4r det ingen som vet hur det kommer att p\u00e5verka ekosystemet i era vatten, s\u00e4ger David Solstorm till TV4 Nyheterna.<\/p>\n<p>Budskapet till helgens kr\u00e4ftfiskare i V\u00e4ttern \u00e4r tydligt:<\/p>\n<p>\u2013 Se till att inte f\u00e5 med den h\u00e4rifr\u00e5n, s\u00e4ger David Solstorm om \u201dm\u00f6rdarr\u00e4kan\u201d.<\/p>\n","protected":false},"excerpt":{"rendered":"Uppdaterad 29 aug 2026 kl 13.25Publicerad 29 aug 2026 kl 11.42 \u201dM\u00f6rdarr\u00e4kan\u201d har f\u00e5tt f\u00e4ste i V\u00e4ttern.\u00a0 Den&hellip;\n","protected":false},"author":2,"featured_media":357059,"comment_status":"","ping_status":"","sticky":false,"template":"","format":"standard","meta":{"footnotes":"","_share_on_mastodon":"0"},"categories":[5],"tags":[22,23,26,27,17,21,559,528,6191,24,25,28,29,15,16,18,34,31,33,32,30,19,20,17713],"class_list":["post-357058","post","type-post","status-publish","format-standard","has-post-thumbnail","category-rubriker","tag-breaking-news","tag-breakingnews","tag-featured-news","tag-featurednews","tag-headlines","tag-huvudnyheter","tag-jonkoping","tag-klimat-miljo","tag-lansstyrelsen","tag-latest-news","tag-latestnews","tag-main-news","tag-mainnews","tag-news","tag-nyheter","tag-rubriker","tag-se","tag-svenska","tag-sverige","tag-sweden","tag-swedish","tag-top-stories","tag-topstories","tag-vattern"],"share_on_mastodon":{"url":"https:\/\/pubeurope.com\/@se\/117179170498979245","error":""},"_links":{"self":[{"href":"https:\/\/www.europesays.com\/se\/wp-json\/wp\/v2\/posts\/357058","targetHints":{"allow":["GET"]}}],"collection":[{"href":"https:\/\/www.europesays.com\/se\/wp-json\/wp\/v2\/posts"}],"about":[{"href":"https:\/\/www.europesays.com\/se\/wp-json\/wp\/v2\/types\/post"}],"author":[{"embeddable":true,"href":"https:\/\/www.europesays.com\/se\/wp-json\/wp\/v2\/users\/2"}],"replies":[{"embeddable":true,"href":"https:\/\/www.europesays.com\/se\/wp-json\/wp\/v2\/comments?post=357058"}],"version-history":[{"count":0,"href":"https:\/\/www.europesays.com\/se\/wp-json\/wp\/v2\/posts\/357058\/revisions"}],"wp:featuredmedia":[{"embeddable":true,"href":"https:\/\/www.europesays.com\/se\/wp-json\/wp\/v2\/media\/357059"}],"wp:attachment":[{"href":"https:\/\/www.europesays.com\/se\/wp-json\/wp\/v2\/media?parent=357058"}],"wp:term":[{"taxonomy":"category","embeddable":true,"href":"https:\/\/www.europesays.com\/se\/wp-json\/wp\/v2\/categories?post=357058"},{"taxonomy":"post_tag","embeddable":true,"href":"https:\/\/www.europesays.com\/se\/wp-json\/wp\/v2\/tags?post=357058"}],"curies":[{"name":"wp","href":"https:\/\/api.w.org\/{rel}","templated":true}]}}