{"id":357070,"date":"2026-08-29T14:17:11","date_gmt":"2026-08-29T14:17:11","guid":{"rendered":"https:\/\/www.europesays.com\/se\/357070\/"},"modified":"2026-08-29T14:17:11","modified_gmt":"2026-08-29T14:17:11","slug":"metallforemal-uppfiskat-bombskyddet-pa-vag","status":"publish","type":"post","link":"https:\/\/www.europesays.com\/se\/357070\/","title":{"rendered":"Metallf\u00f6rem\u00e5l uppfiskat \u2013 bombskyddet p\u00e5 v\u00e4g"},"content":{"rendered":"<p>En magnetfiskare har f\u00e5tt upp ett ok\u00e4nt metallf\u00f6rem\u00e5l ur Helge \u00e5 i Kristianstad, rapporterar SVT Nyheter Sk\u00e5ne. Nationella bombskyddet \u00e4r p\u00e5 v\u00e4g till platsen f\u00f6r att unders\u00f6ka huruvida f\u00f6rem\u00e5let \u00e4r farligt.<\/p>\n<p>\u2013 Vi \u00e4r p\u00e5 plats d\u00e4r f\u00f6r att kontrollera vad det \u00e4r f\u00f6r n\u00e5gonting. Det bed\u00f6ms initialt vara v\u00e4ldigt gammalt, s\u00e4ger polisens presstalesperson Filip Annas.<\/p>\n<p>Flera granater har fiskats upp ur \u00e5n under sommaren, skriver Aftonbladet. Hittills har alla granater varit oskarpa.<\/p>\n<p>Omni \u00e4r politiskt obundna och oberoende. Vi str\u00e4var efter att ge fler perspektiv p\u00e5 nyheterna. Har du fr\u00e5gor eller synpunkter kring v\u00e5r rapportering? <a href=\"https:\/\/omni.se\/metallforemal-uppfiskat-bombskyddet-pa-vag\/a\/mailto:redaktion@omni.se\" class=\"ArticleActions-module-scss-module__w9u9BG__contactLink\" rel=\"nofollow noopener\" target=\"_blank\">Kontakta redaktionen<\/a><\/p>\n","protected":false},"excerpt":{"rendered":"En magnetfiskare har f\u00e5tt upp ett ok\u00e4nt metallf\u00f6rem\u00e5l ur Helge \u00e5 i Kristianstad, rapporterar SVT Nyheter Sk\u00e5ne. Nationella&hellip;\n","protected":false},"author":2,"featured_media":357071,"comment_status":"","ping_status":"","sticky":false,"template":"","format":"standard","meta":{"footnotes":"","_share_on_mastodon":"0"},"categories":[12],"tags":[22,23,26,27,17,21,1835,24,25,28,29,15,16,18,34,389,31,33,32,30,19,20],"class_list":["post-357070","post","type-post","status-publish","format-standard","has-post-thumbnail","category-sverige","tag-breaking-news","tag-breakingnews","tag-featured-news","tag-featurednews","tag-headlines","tag-huvudnyheter","tag-kristianstad","tag-latest-news","tag-latestnews","tag-main-news","tag-mainnews","tag-news","tag-nyheter","tag-rubriker","tag-se","tag-skane-lan","tag-svenska","tag-sverige","tag-sweden","tag-swedish","tag-top-stories","tag-topstories"],"share_on_mastodon":{"url":"https:\/\/pubeurope.com\/@se\/117179229766949661","error":""},"_links":{"self":[{"href":"https:\/\/www.europesays.com\/se\/wp-json\/wp\/v2\/posts\/357070","targetHints":{"allow":["GET"]}}],"collection":[{"href":"https:\/\/www.europesays.com\/se\/wp-json\/wp\/v2\/posts"}],"about":[{"href":"https:\/\/www.europesays.com\/se\/wp-json\/wp\/v2\/types\/post"}],"author":[{"embeddable":true,"href":"https:\/\/www.europesays.com\/se\/wp-json\/wp\/v2\/users\/2"}],"replies":[{"embeddable":true,"href":"https:\/\/www.europesays.com\/se\/wp-json\/wp\/v2\/comments?post=357070"}],"version-history":[{"count":0,"href":"https:\/\/www.europesays.com\/se\/wp-json\/wp\/v2\/posts\/357070\/revisions"}],"wp:featuredmedia":[{"embeddable":true,"href":"https:\/\/www.europesays.com\/se\/wp-json\/wp\/v2\/media\/357071"}],"wp:attachment":[{"href":"https:\/\/www.europesays.com\/se\/wp-json\/wp\/v2\/media?parent=357070"}],"wp:term":[{"taxonomy":"category","embeddable":true,"href":"https:\/\/www.europesays.com\/se\/wp-json\/wp\/v2\/categories?post=357070"},{"taxonomy":"post_tag","embeddable":true,"href":"https:\/\/www.europesays.com\/se\/wp-json\/wp\/v2\/tags?post=357070"}],"curies":[{"name":"wp","href":"https:\/\/api.w.org\/{rel}","templated":true}]}}