{"id":357080,"date":"2026-08-29T14:26:13","date_gmt":"2026-08-29T14:26:13","guid":{"rendered":"https:\/\/www.europesays.com\/se\/357080\/"},"modified":"2026-08-29T14:26:13","modified_gmt":"2026-08-29T14:26:13","slug":"fler-ungdomar-far-rosta-konspolariserad-grupp-3","status":"publish","type":"post","link":"https:\/\/www.europesays.com\/se\/357080\/","title":{"rendered":"Fler ungdomar f\u00e5r r\u00f6sta: \u201dK\u00f6nspolariserad grupp\u201d"},"content":{"rendered":"\n<p>\u201dDet \u00e4r ett ansvar man har som medborgare, \u00e4ven om man inte vet exakt vad man vill. Man g\u00f6r sin del\u201d, s\u00e4ger 18-\u00e5rige Anton Rasmusson om att r\u00f6sta Foto: Terhi Ylim\u00e4inen\/TT<\/p>\n<p class=\"_textTheme_zldsx_1 _lead_16k26_2 _lead_3ue4t_18 layout-component layout-normal layout-padded _lead_o6m9k_5 _leadTheme_1q6sv_1 body-large bold\">Maya, 19, t\u00e4nker p\u00e5 klimatet och \u00e4r missn\u00f6jd med regeringen. Anton, 18, vill ha b\u00e4ttre sjukv\u00e5rd.<\/p>\n<p class=\"_textTheme_zldsx_1 _lead_16k26_2 _lead_3ue4t_18 layout-component layout-normal layout-padded _lead_o6m9k_5 _leadTheme_1q6sv_1 body-large bold\">I \u00e5r f\u00e5r fler r\u00f6sta f\u00f6r f\u00f6rsta g\u00e5ngen \u2013 och p\u00e5 en punkt sticker de ut.<\/p>\n<p class=\"_textTheme_zldsx_1 _paragraph_16k26_4 _paragraph_3ue4t_27 layout-component layout-normal layout-padded body-medium\">I september r\u00f6star Maya Stenmark i Uppsala f\u00f6r f\u00f6rsta g\u00e5ngen i ett riksdagsval. G\u00f6r man inte det, s\u00e4ger hon, kan man inte klaga p\u00e5 hur samh\u00e4llet ser ut.<\/p>\n<p class=\"_textTheme_zldsx_1 _paragraph_16k26_4 _paragraph_3ue4t_27 layout-component layout-normal layout-padded body-medium\">\u2013 Jag \u00e4r inte j\u00e4tten\u00f6jd med v\u00e5r nuvarande regering, och d\u00e5 k\u00e4nner jag att jag som svensk medborgare m\u00e5ste kunna \u00e4ndra p\u00e5 det.<\/p>\n<p class=\"_textTheme_zldsx_1 _paragraph_16k26_4 _paragraph_3ue4t_27 layout-component layout-normal layout-padded body-medium\">Att hennes r\u00f6st r\u00e4knas tvivlar hon inte p\u00e5.<\/p>\n<p class=\"_textTheme_zldsx_1 _paragraph_16k26_4 _paragraph_3ue4t_27 layout-component layout-normal layout-padded body-medium\">\u2013 Jag tror att en vanlig Svensson kan g\u00f6ra j\u00e4ttemycket f\u00f6r det h\u00e4r landet.<\/p>\n<p class=\"_textTheme_zldsx_1 _paragraph_16k26_4 _paragraph_3ue4t_27 layout-component layout-normal layout-padded body-medium\">Vilket parti hon ska r\u00f6sta p\u00e5 har inte varit helt sj\u00e4lvklart. D\u00e4remot vet hon vilka fr\u00e5gor som \u00e4r viktiga.<\/p>\n<p class=\"_textTheme_zldsx_1 _paragraph_16k26_4 _paragraph_3ue4t_27 layout-component layout-normal layout-padded body-medium\">\u2013 Jag \u00e4r v\u00e4ldigt engagerad i det h\u00e4r med att ta hand om v\u00e5r jord och milj\u00f6n.<\/p>\n<p class=\"_textTheme_zldsx_1 _paragraph_16k26_4 _paragraph_3ue4t_27 layout-component layout-normal layout-padded body-medium\">I \u00e5r utg\u00f6r f\u00f6rstag\u00e5ngsv\u00e4ljarna 6,5 procent av alla r\u00f6stber\u00e4ttigade i Sverige. \u00c5r 2022 var motsvarande siffra 5,7 procent. J\u00e4mf\u00f6rt med snittv\u00e4ljaren tenderar f\u00f6rstag\u00e5ngsv\u00e4ljarna att r\u00f6sta mer p\u00e5 V\u00e4nsterpartiet och Milj\u00f6partiet och mindre p\u00e5 Socialdemokraterna. I det senaste valet hade Moderaterna medvind.<\/p>\n<p class=\"_textTheme_zldsx_1 _paragraph_16k26_4 _paragraph_3ue4t_27 layout-component layout-normal layout-padded body-medium\">\u2013 De \u00e4r kanske inte s\u00e5 annorlunda fr\u00e5n befolkningen i sin helhet som man skulle kunna tro. P\u00e5 m\u00e5nga s\u00e4tt \u00e4r de lika, det \u00e4r det f\u00f6rsta att s\u00e4ga. Men det finns vissa skillnader, s\u00e4ger Oskar Hultin B\u00e4ckersten, postdoktor i statsvetenskap vid M\u00e4lardalens universitet.<\/p>\n<p class=\"_textTheme_zldsx_1 _paragraph_16k26_4 _paragraph_3ue4t_27 layout-component layout-normal layout-padded body-medium\">Har man v\u00e4l r\u00f6stat en g\u00e5ng \u00e4r det l\u00e4ttare att forts\u00e4tta \u2013 och tv\u00e4rtom. Det borde g\u00f6ra gruppen extra intressant f\u00f6r partierna, enligt Hultin B\u00e4ckersten.<\/p>\n<p class=\"_textTheme_zldsx_1 _paragraph_16k26_4 _paragraph_3ue4t_27 layout-component layout-normal layout-padded body-medium\">\u2013 Om man inte r\u00f6star sitt f\u00f6rsta val s\u00e5 \u00e4r det mycket mindre sannolikt att man sen r\u00f6star i sitt andra val. Det blir sv\u00e5rare och sv\u00e5rare att \u00e4ndra p\u00e5 den vanan. Det g\u00e4ller i viss m\u00e5n ocks\u00e5 f\u00f6r vilka partier man r\u00f6star p\u00e5.<\/p>\n<p>  \u201dFr\u00e5gar mig hur \u00e4rliga de \u00e4r\u201d <\/p>\n<p class=\"_textTheme_zldsx_1 _paragraph_16k26_4 _paragraph_3ue4t_27 layout-component layout-normal layout-padded body-medium\">F\u00f6r 18-\u00e5rige Anton Rasmusson i T\u00e4by \u00e4r arbetsl\u00f6sheten en viktig fr\u00e5ga. I h\u00f6st b\u00f6rjar han sitt tredje \u00e5r p\u00e5 gymnasiet och efter det kommer arbetsmarknaden att bli h\u00f6gaktuell. Fungerande sjukv\u00e5rd \u00e4r ocks\u00e5 viktigt.<\/p>\n<p class=\"_textTheme_zldsx_1 _paragraph_16k26_4 _paragraph_3ue4t_27 layout-component layout-normal layout-padded body-medium\">\u2013 Jag har h\u00f6rt om hur stressigt det \u00e4r, och det \u00e4r v\u00e4ldigt viktigt f\u00f6r oss i samh\u00e4llet att sjukv\u00e5rden funkar, och det k\u00e4nns inte riktigt som att den g\u00f6r det nu, s\u00e4ger han.<\/p>\n<p class=\"_textTheme_zldsx_1 _paragraph_16k26_4 _paragraph_3ue4t_27 layout-component layout-normal layout-padded body-medium\">Att r\u00f6sta ser han som sitt ansvar. Trots det \u00e4r han tveksam till hur stor skillnad han, eller en r\u00f6st p\u00e5 tio miljoner som han s\u00e4ger, kan g\u00f6ra.<\/p>\n<p class=\"_textTheme_zldsx_1 _paragraph_16k26_4 _paragraph_3ue4t_27 layout-component layout-normal layout-padded body-medium\">\u2013 Men jag f\u00f6rst\u00e5r ju ocks\u00e5 att om alla skulle t\u00e4nka s\u00e5 skulle inte samh\u00e4llet fungera.<\/p>\n<p class=\"_textTheme_zldsx_1 _paragraph_16k26_4 _paragraph_3ue4t_27 layout-component layout-normal layout-padded body-medium\">F\u00f6r att bli klok p\u00e5 vad han ska r\u00f6sta p\u00e5 g\u00f6r han valkompasser, f\u00f6rs\u00f6ker f\u00f6lja debatter och l\u00e4sa analyser \u2013 f\u00f6r han r\u00e4knar kallt med att politikerna inte ger hela sanningen.<\/p>\n<p class=\"_textTheme_zldsx_1 _paragraph_16k26_4 _paragraph_3ue4t_27 layout-component layout-normal layout-padded body-medium\">\u2013 Varje g\u00e5ng jag h\u00f6r en politiker prata \u00e4r jag v\u00e4ldigt k\u00e4llkritisk, i bakhuvudet fr\u00e5gar jag mig hur \u00e4rliga de \u00e4r.<\/p>\n<p class=\"_textTheme_zldsx_1 _paragraph_16k26_4 _paragraph_3ue4t_27 layout-component layout-normal layout-padded body-medium\">De senaste \u00e5ren har m\u00e4n och kvinnor r\u00f6stat allt mer olika. Skillnaderna mellan k\u00f6nen, b\u00e5de n\u00e4r det kommer till \u00e5sikter och vilka politiska partier man r\u00f6star p\u00e5, har de senaste tio \u00e5ren blivit s\u00e4rskilt stora i v\u00e4ljargruppen 18\u201325 \u00e5r, enligt forskning fr\u00e5n SOM-institutet vid G\u00f6teborgs universitet. \u00c4ven inom den unga gruppen st\u00e5r de allra yngsta, f\u00f6rstag\u00e5ngsv\u00e4ljarna, ut.<\/p>\n<p class=\"_textTheme_zldsx_1 _paragraph_16k26_4 _paragraph_3ue4t_27 layout-component layout-normal layout-padded body-medium\">\u2013 Det \u00e4r en k\u00f6nspolariserad grupp, s\u00e4ger Jakob Ahlbom, doktorand i statsvetenskap vid Stockholms universitet.<\/p>\n<p class=\"_textTheme_zldsx_1 _paragraph_16k26_4 _paragraph_3ue4t_27 layout-component layout-normal layout-padded body-medium\">\u2013 Det \u00e4r ett m\u00f6nster vi ser nu som vi aldrig sett tidigare, d\u00e4r kvinnor och m\u00e4n r\u00f6star mer olika \u00e4n vad de n\u00e5gonsin gjort tidigare och den unga gruppen st\u00e5r verkligen ut.<\/p>\n<p class=\"_textTheme_zldsx_1 _paragraph_16k26_4 _paragraph_3ue4t_27 layout-component layout-normal layout-padded body-medium\">Varf\u00f6r skillnaden \u00e4r s\u00e5 stor \u00e4r inte helt klarlagt, men forskning visar att sociala medier spelar roll, enligt Jakob Ahlbom.<\/p>\n<p class=\"_textTheme_zldsx_1 _paragraph_16k26_4 _paragraph_3ue4t_27 layout-component layout-normal layout-padded body-medium\">\u2013 Skillnaderna b\u00f6rjade \u00f6ka ungef\u00e4r n\u00e4r sociala medier blev st\u00f6rre i den yngsta gruppen, och vi ser att unga kvinnor och m\u00e4n tar del av v\u00e4ldigt olika material. Forskning visar ocks\u00e5 att de politiska skillnaderna \u00e4r st\u00f6rst bland de som anv\u00e4nder sociala medier mest, s\u00e4ger han.<\/p>\n<p class=\"_textTheme_zldsx_1 _paragraph_16k26_4 _paragraph_3ue4t_27 layout-component layout-normal layout-padded body-medium\">Oskar Hultin B\u00e4ckersten tror att man beh\u00f6ver f\u00f6rst\u00e5 skillnaderna ur ett bredare samh\u00e4llsperspektiv.<\/p>\n<p class=\"_textTheme_zldsx_1 _paragraph_16k26_4 _paragraph_3ue4t_27 layout-component layout-normal layout-padded body-medium\">\u2013 Orsakssambandet inte alls \u00e4r s\u00e5 tydligt f\u00f6r mig. Det kan lika g\u00e4rna g\u00e5 \u00e5t andra h\u00e5llet, att ens attityder p\u00e5verkar vad man vill ha f\u00f6r inneh\u00e5ll p\u00e5 sociala medier. Vi ser en viss k\u00f6nspolarisering i den yngre gruppen p\u00e5 flera olika h\u00e5ll.<\/p>\n<p>  Tiktok p\u00e5 frammarsch <\/p>\n<p class=\"_textTheme_zldsx_1 _paragraph_16k26_4 _paragraph_3ue4t_27 layout-component layout-normal layout-padded body-medium\">F\u00f6rstag\u00e5ngsv\u00e4ljare tar del av politiskt inneh\u00e5ll i b\u00e5de mer traditionella medier, som radio och tv, och via sociala medier, enligt en rapport fr\u00e5n Internetstiftelsen. De sticker ut n\u00e4r det kommer till Tiktok; 48 procent har tagit del av politiskt inneh\u00e5ll p\u00e5 plattformen under det senaste \u00e5ret, att j\u00e4mf\u00f6ra med 10 procent i \u00e5ldersgruppen 26\u201335 \u00e5r. Andelen har ocks\u00e5 mer \u00e4n f\u00f6rdubblats sedan f\u00f6rra valet, d\u00e5 motsvarande siffra var 23 procent.<\/p>\n<p class=\"_textTheme_zldsx_1 _paragraph_16k26_4 _paragraph_3ue4t_27 layout-component layout-normal layout-padded body-medium\">I Maya Stenmarks fl\u00f6de \u00e4r det partiernas ungdomsf\u00f6rbund som dominerar. Hon, som vuxit upp i Kiruna, tycker att fler politiker beh\u00f6ver vara mer synliga \u2013 i hela landet.<\/p>\n<p class=\"_textTheme_zldsx_1 _paragraph_16k26_4 _paragraph_3ue4t_27 layout-component layout-normal layout-padded body-medium\">\u2013 Statsministern och andra partiledare har bes\u00f6kt skolor och s\u00e5, men de har aldrig kommit hit upp.<\/p>\n<p class=\"_textTheme_zldsx_1 _paragraph_16k26_4 _paragraph_3ue4t_27 layout-component layout-normal layout-padded body-medium\">Anton Rasmusson tycker, \u00e5 andra sidan, att politikerna \u00e4r bra p\u00e5 att visa upp sig \u2013 men s\u00e4mre p\u00e5 att vara tydliga med vad de faktiskt st\u00e5r f\u00f6r.<\/p>\n<p class=\"_textTheme_zldsx_1 _paragraph_16k26_4 _paragraph_3ue4t_27 layout-component layout-normal layout-padded body-medium\">\u2013 Om n\u00e5gon skulle be mig s\u00e4tta fingret p\u00e5 exakt vad de g\u00e5r till val f\u00f6r, s\u00e5 skulle jag v\u00e4l s\u00e4ga att d\u00e4r g\u00f6r de ett s\u00e4mre jobb, s\u00e4ger han och forts\u00e4tter:<\/p>\n<p class=\"_textTheme_zldsx_1 _paragraph_16k26_4 _paragraph_3ue4t_27 layout-component layout-normal layout-padded body-medium\">\u2013 De f\u00f6rs\u00f6ker mer motbevisa de andra partierna och s\u00e4ga vad de g\u00f6r d\u00e5ligt. Man f\u00e5r ju reda p\u00e5 mer om ett partis agenda genom vad motst\u00e5ndarpartiet s\u00e4ger om dem.<\/p>\n<p> D\u00e4r alla kommer \u00f6verens <\/p>\n<p class=\"_textTheme_zldsx_1 _paragraph_16k26_4 _paragraph_3ue4t_27 layout-component layout-normal layout-padded body-medium\">Han tycker att partierna borde g\u00f6ra mer \u00e4n bara f\u00f6rs\u00f6ka f\u00f6lja trender p\u00e5 sociala medier.<\/p>\n<p class=\"_textTheme_zldsx_1 _paragraph_16k26_4 _paragraph_3ue4t_27 layout-component layout-normal layout-padded body-medium\">\u2013 De s\u00e4ger ord som de t\u00e4nker att ungdomar ska gilla, i st\u00e4llet f\u00f6r att f\u00e5 dem att r\u00f6sta p\u00e5 dem genom deras politik. De borde i st\u00e4llet s\u00e4ga vad de vill g\u00f6ra.<\/p>\n<p class=\"_textTheme_zldsx_1 _paragraph_16k26_4 _paragraph_3ue4t_27 layout-component layout-normal layout-padded body-medium\">Efter valet vill han se ett Sverige som st\u00e5r starkt i en orolig omv\u00e4rld. D\u00e4r alla trivs och kommer \u00f6verens.<\/p>\n<p class=\"_textTheme_zldsx_1 _paragraph_16k26_4 _paragraph_3ue4t_27 layout-component layout-normal layout-padded body-medium\">\u2013 Det finns saker som jag hade velat \u00e4ndra hur vi ligger just nu, men jag ser \u00e4nd\u00e5 positivt p\u00e5 framtiden.<\/p>\n<p>  F\u00f6rstag\u00e5ngsv\u00e4ljare<\/p>\n<p class=\"_textTheme_zldsx_1 _paragraph_16k26_4 _paragraph_3ue4t_27 _paragraph_bv8db_65 layout-component layout-normal layout-padded body-small\">F\u00f6rstag\u00e5ngsv\u00e4ljare utg\u00f6r 6,5 procent av de r\u00f6stber\u00e4ttigade i \u00e5rets val, enligt statistik fr\u00e5n SCB. Det inneb\u00e4r en \u00f6kning j\u00e4mf\u00f6rt med f\u00f6rra valet.<\/p>\n<p class=\"_textTheme_zldsx_1 _paragraph_16k26_4 _paragraph_3ue4t_27 _paragraph_bv8db_65 layout-component layout-normal layout-padded body-small\">St\u00f6rst andel f\u00f6rstag\u00e5ngsv\u00e4ljare finns i kommuner n\u00e4ra Stockholm, G\u00f6teborg och Malm\u00f6. Danderyd toppar listan med 9,2 procent. L\u00e4gst andel finns i \u00d6verkalix med 3,8 procent.<\/p>\n<p class=\"_textTheme_zldsx_1 _paragraph_16k26_4 _paragraph_3ue4t_27 _paragraph_bv8db_65 layout-component layout-normal layout-padded body-small\">Valdeltagandet bland f\u00f6rstag\u00e5ngsv\u00e4ljare sj\u00f6nk n\u00e5got, fr\u00e5n 86 till 84 procent, mellan riksdagsvalen 2018 och 2022.<\/p>\n<p class=\"_textTheme_zldsx_1 _paragraph_16k26_4 _paragraph_3ue4t_27 _paragraph_bv8db_65 layout-component layout-normal layout-padded body-small\">Statistik fr\u00e5n SCB visar att f\u00f6rstag\u00e5ngsv\u00e4ljare tenderar att r\u00f6sta om minst en av deras f\u00f6r\u00e4ldrar g\u00f6r det.<\/p>\n<p class=\"_textTheme_zldsx_1 _paragraph_16k26_4 _paragraph_3ue4t_27 _paragraph_bv8db_65 layout-component layout-normal layout-padded body-small\">Andelen unga (18\u201324 \u00e5r) som v\u00e4ljs in i riksdag, region-och kommunfullm\u00e4ktige har minskat, fr\u00e5n fyra procent 2014 till 2,5 procent 2022.<\/p>\n<p class=\"_textTheme_zldsx_1 _paragraph_16k26_4 _paragraph_3ue4t_27 _paragraph_bv8db_65 layout-component layout-normal layout-padded body-small\">Tiktok och Instagram \u00e4r d\u00e4r flest f\u00f6rstag\u00e5ngsv\u00e4ljare tar del av politiskt inneh\u00e5ll dagligen.<\/p>\n<p class=\"_textTheme_zldsx_1 _paragraph_16k26_4 _paragraph_3ue4t_27 _paragraph_bv8db_65 layout-component layout-normal layout-padded body-small\">K\u00e4lla: Statistiska centralbyr\u00e5n, Internetstiftelsen (Svenskarna och internet 2026: Valspecial), Myndigheten f\u00f6r ungdoms- och civilsamh\u00e4llesfr\u00e5gor.<\/p>\n<p>L\u00e4s mer     <\/p>\n","protected":false},"excerpt":{"rendered":"\u201dDet \u00e4r ett ansvar man har som medborgare, \u00e4ven om man inte vet exakt vad man vill. Man&hellip;\n","protected":false},"author":2,"featured_media":357081,"comment_status":"","ping_status":"","sticky":false,"template":"","format":"standard","meta":{"footnotes":"","_share_on_mastodon":"0"},"categories":[12],"tags":[22,23,26,27,17,21,24,25,28,29,1234,551,15,16,18,34,31,33,32,30,19,20,1406],"class_list":["post-357080","post","type-post","status-publish","format-standard","has-post-thumbnail","category-sverige","tag-breaking-news","tag-breakingnews","tag-featured-news","tag-featurednews","tag-headlines","tag-huvudnyheter","tag-latest-news","tag-latestnews","tag-main-news","tag-mainnews","tag-miljopartiet","tag-moderaterna","tag-news","tag-nyheter","tag-rubriker","tag-se","tag-svenska","tag-sverige","tag-sweden","tag-swedish","tag-top-stories","tag-topstories","tag-vansterpartiet"],"share_on_mastodon":{"url":"https:\/\/pubeurope.com\/@se\/117179264819826565","error":""},"_links":{"self":[{"href":"https:\/\/www.europesays.com\/se\/wp-json\/wp\/v2\/posts\/357080","targetHints":{"allow":["GET"]}}],"collection":[{"href":"https:\/\/www.europesays.com\/se\/wp-json\/wp\/v2\/posts"}],"about":[{"href":"https:\/\/www.europesays.com\/se\/wp-json\/wp\/v2\/types\/post"}],"author":[{"embeddable":true,"href":"https:\/\/www.europesays.com\/se\/wp-json\/wp\/v2\/users\/2"}],"replies":[{"embeddable":true,"href":"https:\/\/www.europesays.com\/se\/wp-json\/wp\/v2\/comments?post=357080"}],"version-history":[{"count":0,"href":"https:\/\/www.europesays.com\/se\/wp-json\/wp\/v2\/posts\/357080\/revisions"}],"wp:featuredmedia":[{"embeddable":true,"href":"https:\/\/www.europesays.com\/se\/wp-json\/wp\/v2\/media\/357081"}],"wp:attachment":[{"href":"https:\/\/www.europesays.com\/se\/wp-json\/wp\/v2\/media?parent=357080"}],"wp:term":[{"taxonomy":"category","embeddable":true,"href":"https:\/\/www.europesays.com\/se\/wp-json\/wp\/v2\/categories?post=357080"},{"taxonomy":"post_tag","embeddable":true,"href":"https:\/\/www.europesays.com\/se\/wp-json\/wp\/v2\/tags?post=357080"}],"curies":[{"name":"wp","href":"https:\/\/api.w.org\/{rel}","templated":true}]}}