{"id":357082,"date":"2026-08-29T14:29:14","date_gmt":"2026-08-29T14:29:14","guid":{"rendered":"https:\/\/www.europesays.com\/se\/357082\/"},"modified":"2026-08-29T14:29:14","modified_gmt":"2026-08-29T14:29:14","slug":"katastrofinledning-for-hacken-det-ar-fan-for-daligt-allsvenskan","status":"publish","type":"post","link":"https:\/\/www.europesays.com\/se\/357082\/","title":{"rendered":"Katastrofinledning f\u00f6r H\u00e4cken: \u201dDet \u00e4r fan f\u00f6r d\u00e5ligt\u201d | Allsvenskan"},"content":{"rendered":"<p>Publicerad 29 aug 2026 kl 15.57<\/p>\n<p>Tv\u00e5 m\u00e5l i baken.<\/p>\n<p>Och ett r\u00f6tt kort.<\/p>\n<p>H\u00e4ckens f\u00f6rsta halvlek mot V\u00e4ster\u00e5s blev en mardr\u00f6m.<\/p>\n<p>\u2013 Det \u00e4r fan f\u00f6r d\u00e5ligt allts\u00e5, s\u00e4ger Mikkel Rygaard till TV4.<\/p>\n<p>Kritiken: \u201dAIK borde gjort mer\u201d<img loading=\"lazy\"   alt=\"\"\/><\/p>\n<p>Mkkel Rygaard var inte n\u00f6jd.<\/p>\n<p>Foto: MICHAEL ERICHSEN \/ BILDBYR\u00c5N<\/p>\n<p>\u00d6ppna bild i helsk\u00e4rm<img loading=\"lazy\"   alt=\"\"\/><\/p>\n<p>VSK leder efter 45 minuter p\u00e5 Hisingen.<\/p>\n<p>Foto: Thomas Johansson\/TT \/ TT NYHETSBYR\u00c5N \/ foto Thomas Johansson<\/p>\n<p>\u00d6ppna bild i helsk\u00e4rm<\/p>\n<p>H\u00e4cken upplevde en tung inledning i det allsvenska m\u00f6tet med V\u00e4ster\u00e5s p\u00e5 l\u00f6rdagen. Efter drygt en halvtimme rasslade det till bakom Etrit Berisha i hemmalagets m\u00e5l efter att Simon Gefvert hittat r\u00e4tt \u2013 och vara fyra minuter senare ut\u00f6kade Bonaventure Lendambi till 2\u20130.<\/p>\n<p>Som om inte det vore nog \u00e5kte Leo V\u00e4is\u00e4nen p\u00e5 ett direkt r\u00f6tt kort fr\u00e5n domare Mohammed Al-Hakim efter att ha dragit ner en VSK-spelare i fril\u00e4ge.<\/p>\n<p>Ett tv\u00e5m\u00e5lsunderl\u00e4ge och en man kort i paus allts\u00e5.<\/p>\n<p>Mikkel Rygaard kunde h\u00e5lla sig f\u00f6r skratt.<\/p>\n<p>\u2013 Det \u00e4r fan f\u00f6r d\u00e5ligt allts\u00e5. Vi ska leda med 1- 0 och 2-0, sedan f\u00e5r de m\u00e5l fr\u00e5n ingenstans. Vi blir f\u00f6r l\u00e5ga p\u00e5 planen. Vi vet att de l\u00e4gger bollen l\u00e5ngt men vi f\u00e5r aldrig press p\u00e5 deras backlinje.<\/p>\n<p>Matchen p\u00e5g\u00e5r \u2013 texten uppdateras<\/p>\n","protected":false},"excerpt":{"rendered":"Publicerad 29 aug 2026 kl 15.57 Tv\u00e5 m\u00e5l i baken. Och ett r\u00f6tt kort. H\u00e4ckens f\u00f6rsta halvlek mot&hellip;\n","protected":false},"author":2,"featured_media":357083,"comment_status":"","ping_status":"","sticky":false,"template":"","format":"standard","meta":{"footnotes":"","_share_on_mastodon":"0"},"categories":[68],"tags":[159,1555,138,34,111,110,31,33,32,30,17600],"class_list":["post-357082","post","type-post","status-publish","format-standard","has-post-thumbnail","category-sport","tag-allsvenskan","tag-bk-hacken","tag-fotboll","tag-se","tag-sport","tag-sports","tag-svenska","tag-sverige","tag-sweden","tag-swedish","tag-vasteras-sk"],"share_on_mastodon":{"url":"https:\/\/pubeurope.com\/@se\/117179276539746473","error":""},"_links":{"self":[{"href":"https:\/\/www.europesays.com\/se\/wp-json\/wp\/v2\/posts\/357082","targetHints":{"allow":["GET"]}}],"collection":[{"href":"https:\/\/www.europesays.com\/se\/wp-json\/wp\/v2\/posts"}],"about":[{"href":"https:\/\/www.europesays.com\/se\/wp-json\/wp\/v2\/types\/post"}],"author":[{"embeddable":true,"href":"https:\/\/www.europesays.com\/se\/wp-json\/wp\/v2\/users\/2"}],"replies":[{"embeddable":true,"href":"https:\/\/www.europesays.com\/se\/wp-json\/wp\/v2\/comments?post=357082"}],"version-history":[{"count":0,"href":"https:\/\/www.europesays.com\/se\/wp-json\/wp\/v2\/posts\/357082\/revisions"}],"wp:featuredmedia":[{"embeddable":true,"href":"https:\/\/www.europesays.com\/se\/wp-json\/wp\/v2\/media\/357083"}],"wp:attachment":[{"href":"https:\/\/www.europesays.com\/se\/wp-json\/wp\/v2\/media?parent=357082"}],"wp:term":[{"taxonomy":"category","embeddable":true,"href":"https:\/\/www.europesays.com\/se\/wp-json\/wp\/v2\/categories?post=357082"},{"taxonomy":"post_tag","embeddable":true,"href":"https:\/\/www.europesays.com\/se\/wp-json\/wp\/v2\/tags?post=357082"}],"curies":[{"name":"wp","href":"https:\/\/api.w.org\/{rel}","templated":true}]}}