{"id":357090,"date":"2026-08-29T14:37:22","date_gmt":"2026-08-29T14:37:22","guid":{"rendered":"https:\/\/www.europesays.com\/se\/357090\/"},"modified":"2026-08-29T14:37:22","modified_gmt":"2026-08-29T14:37:22","slug":"mardromsminuter-for-hacken-mot-vasteras","status":"publish","type":"post","link":"https:\/\/www.europesays.com\/se\/357090\/","title":{"rendered":"Mardr\u00f6msminuter f\u00f6r H\u00e4cken mot V\u00e4ster\u00e5s"},"content":{"rendered":"<p>  <a class=\"_link_1lr5y_108\" href=\"https:\/\/aftonbladet.se\/av\/anton-johansson\" title=\"Anton Johansson\" rel=\"nofollow noopener\" target=\"_blank\"><img alt=\"Bild av Anton Johansson\" class=\"_image_1lr5y_85\" fetchpriority=\"low\" decoding=\"async\" itemprop=\"image\" loading=\"lazy\"  src=\"https:\/\/www.europesays.com\/se\/wp-content\/uploads\/2026\/08\/1788014241_84_ee21040d-9e79-4667-a3ee-2f9842b2fc2d.png\"  width=\"480\"\/><\/a> <img alt=\"\" class=\"_image_1jxax_84 layout-component layout-wide\" data-fullscreen- data-track-element-type=\"Article image fullscreen\" data-track-name=\"ImageFullscreen\" fetchpriority=\"high\" decoding=\"sync\" loading=\"eager\" height=\"401\" itemprop=\"image\"  src=\"https:\/\/www.europesays.com\/se\/wp-content\/uploads\/2026\/08\/aed895b6-a304-3e78-aed7-c6f37e4f5f60.png\"  style=\"object-position:0% 0%\" width=\"818\"\/>  Foto: TV4PLAYVisa mer<\/p>\n<p class=\"_textTheme_4io5p_1 _lead_16k26_2 _lead_3ue4t_18 layout-component layout-normal layout-padded _lead_o6m9k_5 _leadTheme_cypwp_1 body-large bold\">H\u00e4cken har det inte s\u00e4rskilt roligt p\u00e5 fotbollsplanen.<\/p>\n<p class=\"_textTheme_4io5p_1 _lead_16k26_2 _lead_3ue4t_18 layout-component layout-normal layout-padded _lead_o6m9k_5 _leadTheme_cypwp_1 body-large bold\">Hemma mot V\u00e4ster\u00e5s sl\u00e4ppte man in tv\u00e5 m\u00e5l och \u00e5kte p\u00e5 ett r\u00f6tt kort inom loppet av \u00e5tta minuter.<\/p>\n<p class=\"_textTheme_4io5p_1 _lead_16k26_2 _lead_3ue4t_18 layout-component layout-normal layout-padded _lead_o6m9k_5 _leadTheme_cypwp_1 body-large bold\">\u2013 Det \u00e4r fan f\u00f6r d\u00e5ligt, s\u00e4ger Mikkel Rygaard i TV4.<\/p>\n<p class=\"_textTheme_4io5p_1 _paragraph_16k26_4 _paragraph_3ue4t_27 layout-component layout-normal layout-padded body-medium\">De mardr\u00f6mslika \u00e5tta minuterna b\u00f6rjade i den 34:e minuten.<\/p>\n<p class=\"_textTheme_4io5p_1 _paragraph_16k26_4 _paragraph_3ue4t_27 layout-component layout-normal layout-padded body-medium\">D\u00e5 fick Simon Gefvert p\u00e5 en fin tr\u00e4ff som gick l\u00e5gt i det bortre h\u00f6rnet f\u00f6r 1\u20130.<\/p>\n<p class=\"_textTheme_4io5p_1 _paragraph_16k26_4 _paragraph_3ue4t_27 layout-component layout-normal layout-padded body-medium\">Efter det var det plattan i mattan f\u00f6r V\u00e4ster\u00e5s. <\/p>\n<p class=\"_textTheme_4io5p_1 _paragraph_16k26_4 _paragraph_3ue4t_27 layout-component layout-normal layout-padded body-medium\">Fyra minuter senare hamnade Bonaventure Lendambi omarkerad i straffomr\u00e5det n\u00e4r Mattias Hellisdals frispark letade sig in och han nickade s\u00e4kert in VSK:s andra m\u00e5l f\u00f6r dagen.<\/p>\n<p class=\"_textTheme_4io5p_1 _paragraph_16k26_4 _paragraph_3ue4t_27 layout-component layout-normal layout-padded body-medium\">\u2013 Vi ska leda med b\u00e5de 1\u20130 och 2\u20130. Men sedan f\u00e5r de m\u00e5l fr\u00e5n ingenstans. Vi blir f\u00f6r l\u00e5ga, s\u00e4ger Rygaard.<\/p>\n<p> R\u00f6tt kort  <\/p>\n<p class=\"_textTheme_4io5p_1 _paragraph_16k26_4 _paragraph_3ue4t_27 layout-component layout-normal layout-padded body-medium\">Med 0\u20132 p\u00e5 tavlan beh\u00f6vde H\u00e4cken samla ihop sig ordentligt f\u00f6r att hitta tillbaka men Leo V\u00e4is\u00e4nen gjorde det inte enklare f\u00f6r laget i den 42:a minuten.<\/p>\n<p class=\"_textTheme_4io5p_1 _paragraph_16k26_4 _paragraph_3ue4t_27 layout-component layout-normal layout-padded body-medium\">Finl\u00e4ndaren rev ner Bonaventure Lendambi som var p\u00e5 v\u00e4g att bli fri och fick syna det r\u00f6da kortet.<\/p>\n<p class=\"_textTheme_4io5p_1 _paragraph_16k26_4 _paragraph_3ue4t_27 layout-component layout-normal layout-padded body-medium\">I andra halvlek ut\u00f6kade V\u00e4ster\u00e5s med en vass frispark signerad Mattias Hellisdal.<\/p>\n<p class=\"_textTheme_4io5p_1 _paragraph_16k26_4 _paragraph_3ue4t_27 layout-component layout-normal layout-padded body-medium\"><strong class=\"_strong_16k26_20\"> Matchen p\u00e5g\u00e5r \u2013 f\u00f6lj den <a href=\"https:\/\/sportbladet-live.aftonbladet.se\/fotboll\/bk-h%C3%A4cken-v%C3%A4ster%C3%A5s-sk\/732181\/rapport\" class=\"_link_16k26_32\" rel=\"nofollow noopener\" target=\"_blank\">h\u00e4r<\/a>!<\/strong><\/p>\n","protected":false},"excerpt":{"rendered":"Foto: TV4PLAYVisa mer H\u00e4cken har det inte s\u00e4rskilt roligt p\u00e5 fotbollsplanen. Hemma mot V\u00e4ster\u00e5s sl\u00e4ppte man in tv\u00e5&hellip;\n","protected":false},"author":2,"featured_media":357091,"comment_status":"","ping_status":"","sticky":false,"template":"","format":"standard","meta":{"footnotes":"","_share_on_mastodon":"0"},"categories":[68],"tags":[458,1555,34,111,110,31,33,32,30,17600],"class_list":["post-357090","post","type-post","status-publish","format-standard","has-post-thumbnail","category-sport","tag-allsvenskan-i-fotboll","tag-bk-hacken","tag-se","tag-sport","tag-sports","tag-svenska","tag-sverige","tag-sweden","tag-swedish","tag-vasteras-sk"],"share_on_mastodon":{"url":"https:\/\/pubeurope.com\/@se\/117179308766808390","error":""},"_links":{"self":[{"href":"https:\/\/www.europesays.com\/se\/wp-json\/wp\/v2\/posts\/357090","targetHints":{"allow":["GET"]}}],"collection":[{"href":"https:\/\/www.europesays.com\/se\/wp-json\/wp\/v2\/posts"}],"about":[{"href":"https:\/\/www.europesays.com\/se\/wp-json\/wp\/v2\/types\/post"}],"author":[{"embeddable":true,"href":"https:\/\/www.europesays.com\/se\/wp-json\/wp\/v2\/users\/2"}],"replies":[{"embeddable":true,"href":"https:\/\/www.europesays.com\/se\/wp-json\/wp\/v2\/comments?post=357090"}],"version-history":[{"count":0,"href":"https:\/\/www.europesays.com\/se\/wp-json\/wp\/v2\/posts\/357090\/revisions"}],"wp:featuredmedia":[{"embeddable":true,"href":"https:\/\/www.europesays.com\/se\/wp-json\/wp\/v2\/media\/357091"}],"wp:attachment":[{"href":"https:\/\/www.europesays.com\/se\/wp-json\/wp\/v2\/media?parent=357090"}],"wp:term":[{"taxonomy":"category","embeddable":true,"href":"https:\/\/www.europesays.com\/se\/wp-json\/wp\/v2\/categories?post=357090"},{"taxonomy":"post_tag","embeddable":true,"href":"https:\/\/www.europesays.com\/se\/wp-json\/wp\/v2\/tags?post=357090"}],"curies":[{"name":"wp","href":"https:\/\/api.w.org\/{rel}","templated":true}]}}