{"id":357168,"date":"2026-08-29T16:15:20","date_gmt":"2026-08-29T16:15:20","guid":{"rendered":"https:\/\/www.europesays.com\/se\/357168\/"},"modified":"2026-08-29T16:15:20","modified_gmt":"2026-08-29T16:15:20","slug":"tadej-pogacar-brot-vueltan-efter-otack-krasch","status":"publish","type":"post","link":"https:\/\/www.europesays.com\/se\/357168\/","title":{"rendered":"Tadej Poga\u010dar br\u00f6t Vueltan efter ot\u00e4ck krasch"},"content":{"rendered":"<p>  <a class=\"_link_1lr5y_108\" href=\"https:\/\/aftonbladet.se\/av\/viktoria-bjorklof\" title=\"Viktoria Bj\u00f6rkl\u00f6f\" rel=\"nofollow noopener\" target=\"_blank\"><img alt=\"Bild av Viktoria Bj\u00f6rkl\u00f6f\" class=\"_image_1lr5y_85\" fetchpriority=\"low\" decoding=\"async\" itemprop=\"image\" loading=\"lazy\"  src=\"https:\/\/www.europesays.com\/se\/wp-content\/uploads\/2026\/08\/1788020119_591_1451f1a9-65d4-4311-b16d-fd619a2326e7.png\"  width=\"480\"\/><\/a> <img alt=\"\" class=\"_image_1jxax_84 layout-component layout-wide\" data-fullscreen- data-track-element-type=\"Article image fullscreen\" data-track-name=\"ImageFullscreen\" fetchpriority=\"high\" decoding=\"sync\" loading=\"eager\" height=\"624\" itemprop=\"image\"  src=\"https:\/\/www.europesays.com\/se\/wp-content\/uploads\/2026\/08\/5d8fccce-13d9-3a64-8aa5-4120832b94c9.png\"  style=\"object-position:0% 0%\" width=\"1174\"\/>  Foto: EUROSPORTVisa mer<\/p>\n<p class=\"_textTheme_4io5p_1 _lead_16k26_2 _lead_3ue4t_18 layout-component layout-normal layout-padded _lead_o6m9k_5 _leadTheme_cypwp_1 body-large bold\">J\u00e4ttekrasch i Vuelta Espa\u00f1as \u00e5ttonde etapp.<\/p>\n<p class=\"_textTheme_4io5p_1 _lead_16k26_2 _lead_3ue4t_18 layout-component layout-normal layout-padded _lead_o6m9k_5 _leadTheme_cypwp_1 body-large bold\">Storstj\u00e4rnan Tadej Poga\u010dar, 27, tvingades bryta loppet.<\/p>\n<p class=\"_textTheme_4io5p_1 _paragraph_16k26_4 _paragraph_3ue4t_27 layout-component layout-normal layout-padded body-medium\">Det var 32 kilometer kvar av Vuelta Espa\u00f1as \u00e5ttonde etapp n\u00e4r olyckan var framme. Den slovenska cykelstj\u00e4rnan Tadej Poga\u010dar som leder totalen kraschade mitt i klungan under en stigning. <\/p>\n<p class=\"_textTheme_4io5p_1 _paragraph_16k26_4 _paragraph_3ue4t_27 layout-component layout-normal layout-padded body-medium\">Han togs snabbt om hand av sjukv\u00e5rdspersonal och i tv-bilderna syntes blodiga skraps\u00e5r och hur Poga\u010dar grinar illa. <\/p>\n<p class=\"_textTheme_4io5p_1 _paragraph_16k26_4 _paragraph_3ue4t_27 layout-component layout-normal layout-padded body-medium\">Efter att ha tillbringat flera minuter p\u00e5 v\u00e4gen med t\u00e4vlingsl\u00e4kare och personal ur sitt lag runt sig, reste han sig till slut upp och gjorde ett f\u00f6rs\u00f6k att n\u00e4rma sig sin cykel. Kort d\u00e4refter skakade han p\u00e5 huvudet, tog av sig hj\u00e4lmen och signalerade att han tvingades bryta.<\/p>\n<p class=\"_textTheme_4io5p_1 _paragraph_16k26_4 _paragraph_3ue4t_27 layout-component layout-normal layout-padded body-medium\">Han k\u00f6rdes sedan i v\u00e4g med ambulans.<\/p>\n<p class=\"_textTheme_4io5p_1 _paragraph_16k26_4 _paragraph_3ue4t_27 layout-component layout-normal layout-padded body-medium\">Det \u00e4r f\u00f6rsta g\u00e5ngen sedan 2023 som Poga\u010dar tvingas bryta ett lopp. Han \u00e4r dessutom den f\u00f6rsta totalledaren i Vuelta a Espa\u00f1a som kraschar och tvingas bryta sedan Igor Ant\u00f3n 2010.<\/p>\n<p class=\"_textTheme_4io5p_1 _paragraph_16k26_4 _paragraph_3ue4t_27 layout-component layout-normal layout-padded body-medium\">Slovenen har burit den r\u00f6da ledartr\u00f6jan sedan f\u00f6rsta etappen.<\/p>\n<ul class=\"_gallery_1f6gv_33\" tabindex=\"0\">\n<li class=\"_item_1f6gv_64\" data-index=\"0\"><img decoding=\"async\" alt=\"\" class=\"_image_1rh6a_27 _articleGallery_1rh6a_43\" data-fullscreen- width=\"1816\" height=\"1004\" itemprop=\"image\" loading=\"lazy\"  src=\"https:\/\/www.europesays.com\/se\/wp-content\/uploads\/2026\/08\/7aca170c-8c10-3316-bc3c-b2d99160778a.png\"  style=\"object-position:50% 50%;aspect-ratio:var(--gallery-aspect-ratio, 16 \/ 9)\"\/>Foto: EUROSPORT<\/li>\n<li class=\"_item_1f6gv_64\" data-index=\"1\"><img decoding=\"async\" alt=\"\" class=\"_image_1rh6a_27 _articleGallery_1rh6a_43\" data-fullscreen- width=\"1703\" height=\"884\" itemprop=\"image\" loading=\"lazy\"  src=\"https:\/\/www.europesays.com\/se\/wp-content\/uploads\/2026\/08\/2ad8e14b-c662-3d56-a87d-f9a64aad7676.png\"  style=\"object-position:50% 50%;aspect-ratio:var(--gallery-aspect-ratio, 16 \/ 9)\"\/>Foto: EUROSPORT<\/li>\n<\/ul>\n","protected":false},"excerpt":{"rendered":"Foto: EUROSPORTVisa mer J\u00e4ttekrasch i Vuelta Espa\u00f1as \u00e5ttonde etapp. Storstj\u00e4rnan Tadej Poga\u010dar, 27, tvingades bryta loppet. Det var&hellip;\n","protected":false},"author":2,"featured_media":357169,"comment_status":"","ping_status":"","sticky":false,"template":"","format":"standard","meta":{"footnotes":"","_share_on_mastodon":"0"},"categories":[68],"tags":[11231,34,111,110,31,33,32,30,39753],"class_list":["post-357168","post","type-post","status-publish","format-standard","has-post-thumbnail","category-sport","tag-cykel","tag-se","tag-sport","tag-sports","tag-svenska","tag-sverige","tag-sweden","tag-swedish","tag-vuelta-a-espana"],"share_on_mastodon":{"url":"https:\/\/pubeurope.com\/@se\/117179693878976249","error":""},"_links":{"self":[{"href":"https:\/\/www.europesays.com\/se\/wp-json\/wp\/v2\/posts\/357168","targetHints":{"allow":["GET"]}}],"collection":[{"href":"https:\/\/www.europesays.com\/se\/wp-json\/wp\/v2\/posts"}],"about":[{"href":"https:\/\/www.europesays.com\/se\/wp-json\/wp\/v2\/types\/post"}],"author":[{"embeddable":true,"href":"https:\/\/www.europesays.com\/se\/wp-json\/wp\/v2\/users\/2"}],"replies":[{"embeddable":true,"href":"https:\/\/www.europesays.com\/se\/wp-json\/wp\/v2\/comments?post=357168"}],"version-history":[{"count":0,"href":"https:\/\/www.europesays.com\/se\/wp-json\/wp\/v2\/posts\/357168\/revisions"}],"wp:featuredmedia":[{"embeddable":true,"href":"https:\/\/www.europesays.com\/se\/wp-json\/wp\/v2\/media\/357169"}],"wp:attachment":[{"href":"https:\/\/www.europesays.com\/se\/wp-json\/wp\/v2\/media?parent=357168"}],"wp:term":[{"taxonomy":"category","embeddable":true,"href":"https:\/\/www.europesays.com\/se\/wp-json\/wp\/v2\/categories?post=357168"},{"taxonomy":"post_tag","embeddable":true,"href":"https:\/\/www.europesays.com\/se\/wp-json\/wp\/v2\/tags?post=357168"}],"curies":[{"name":"wp","href":"https:\/\/api.w.org\/{rel}","templated":true}]}}