{"id":357308,"date":"2026-08-29T18:29:54","date_gmt":"2026-08-29T18:29:54","guid":{"rendered":"https:\/\/www.europesays.com\/se\/357308\/"},"modified":"2026-08-29T18:29:54","modified_gmt":"2026-08-29T18:29:54","slug":"expert-om-akessons-framtid-lamnar-om-han-blir-minister","status":"publish","type":"post","link":"https:\/\/www.europesays.com\/se\/357308\/","title":{"rendered":"Expert om \u00c5kessons framtid: L\u00e4mnar om han blir minister"},"content":{"rendered":"<p>Sverigedemokraternas partiledare Jimmie \u00c5kesson kommer att avg\u00e5 som partiledare om han f\u00e5r en ministerpost efter valet. Det tror My Rohwedder, politisk kommentator p\u00e5 Aftonbladet.<\/p>\n<p>\u2013 Om Tid\u00f6partierna f\u00f6rlorar har \u00c5kesson ett nytt m\u00e5l i sikte. Skulle de d\u00e4remot vinna och \u00c5kesson blir minister s\u00e5 kommer han kanske inte sitta mandatperioden ut, s\u00e4ger hon.<\/p>\n<p>I en artikel spekulerar Rohwedder och statsvetaren Jonas Hinnfors om vad som h\u00e4nder med partiledarna beroende p\u00e5 valresultatet. Hinnfors tror att det \u00e4r \u201d50\/50\u201d att Magdalena Andersson (S) avg\u00e5r om oppositionen f\u00f6rlorar.<\/p>\n<p>Rohwedder tror att Ulf Kristersson (M) avg\u00e5r oavsett valresultat eftersom han inte lyckats lyfta partiet under mandatperioden.<\/p>\n<p>Just nu uppl\u00e5st f\u00f6r alla<\/p>\n<p>Inte vid ett enda tillf\u00e4lle under mandatperioden har Tid\u00f6regeringen legat f\u00f6re oppositionen i opinionen. Men under sommaren har gapet mellan sidorna minskat.<\/p>\n<p>L\u00e4s vidare med Omni Mer<\/p>\n<p>Omni \u00e4r politiskt obundna och oberoende. Vi str\u00e4var efter att ge fler perspektiv p\u00e5 nyheterna. Har du fr\u00e5gor eller synpunkter kring v\u00e5r rapportering? <a href=\"https:\/\/omni.se\/expert-om-akessons-framtid-lamnar-om-han-blir-minister\/a\/mailto:redaktion@omni.se\" class=\"ArticleActions-module-scss-module__w9u9BG__contactLink\" rel=\"nofollow noopener\" target=\"_blank\">Kontakta redaktionen<\/a><\/p>\n","protected":false},"excerpt":{"rendered":"Sverigedemokraternas partiledare Jimmie \u00c5kesson kommer att avg\u00e5 som partiledare om han f\u00e5r en ministerpost efter valet. Det tror&hellip;\n","protected":false},"author":2,"featured_media":357309,"comment_status":"","ping_status":"","sticky":false,"template":"","format":"standard","meta":{"footnotes":"","_share_on_mastodon":"0"},"categories":[12],"tags":[22,23,26,27,17,21,1562,3352,24,25,639,28,29,551,15,16,369,18,34,1557,31,33,617,32,30,19,20,1111,3416],"class_list":["post-357308","post","type-post","status-publish","format-standard","has-post-thumbnail","category-sverige","tag-breaking-news","tag-breakingnews","tag-featured-news","tag-featurednews","tag-headlines","tag-huvudnyheter","tag-jimmie-akesson","tag-jonas-hinnfors","tag-latest-news","tag-latestnews","tag-liberalerna","tag-main-news","tag-mainnews","tag-moderaterna","tag-news","tag-nyheter","tag-politik","tag-rubriker","tag-se","tag-socialdemokraterna","tag-svenska","tag-sverige","tag-sverigedemokraterna","tag-sweden","tag-swedish","tag-top-stories","tag-topstories","tag-ulf-kristersson","tag-valet-2026"],"share_on_mastodon":{"url":"https:\/\/pubeurope.com\/@se\/117180224315214155","error":""},"_links":{"self":[{"href":"https:\/\/www.europesays.com\/se\/wp-json\/wp\/v2\/posts\/357308","targetHints":{"allow":["GET"]}}],"collection":[{"href":"https:\/\/www.europesays.com\/se\/wp-json\/wp\/v2\/posts"}],"about":[{"href":"https:\/\/www.europesays.com\/se\/wp-json\/wp\/v2\/types\/post"}],"author":[{"embeddable":true,"href":"https:\/\/www.europesays.com\/se\/wp-json\/wp\/v2\/users\/2"}],"replies":[{"embeddable":true,"href":"https:\/\/www.europesays.com\/se\/wp-json\/wp\/v2\/comments?post=357308"}],"version-history":[{"count":0,"href":"https:\/\/www.europesays.com\/se\/wp-json\/wp\/v2\/posts\/357308\/revisions"}],"wp:featuredmedia":[{"embeddable":true,"href":"https:\/\/www.europesays.com\/se\/wp-json\/wp\/v2\/media\/357309"}],"wp:attachment":[{"href":"https:\/\/www.europesays.com\/se\/wp-json\/wp\/v2\/media?parent=357308"}],"wp:term":[{"taxonomy":"category","embeddable":true,"href":"https:\/\/www.europesays.com\/se\/wp-json\/wp\/v2\/categories?post=357308"},{"taxonomy":"post_tag","embeddable":true,"href":"https:\/\/www.europesays.com\/se\/wp-json\/wp\/v2\/tags?post=357308"}],"curies":[{"name":"wp","href":"https:\/\/api.w.org\/{rel}","templated":true}]}}