{"id":357332,"date":"2026-08-29T19:05:11","date_gmt":"2026-08-29T19:05:11","guid":{"rendered":"https:\/\/www.europesays.com\/se\/357332\/"},"modified":"2026-08-29T19:05:11","modified_gmt":"2026-08-29T19:05:11","slug":"ukraina-ryssland-planerar-nytt-markanfall-mot-kyiv","status":"publish","type":"post","link":"https:\/\/www.europesays.com\/se\/357332\/","title":{"rendered":"Ukraina: Ryssland planerar nytt markanfall mot Kyiv"},"content":{"rendered":"<p>Ukraina har underr\u00e4ttelser om att Ryssland planerar nya markanfall mot Kyiv och Tjernihiv, rapporterar Politico.<\/p>\n<p>Enligt Zelenskyjs vice stabschef Pavlo Palisa har ryska milit\u00e4rtoppar f\u00e5tt i uppgift av Kreml att planera och genomf\u00f6ra attackerna.<\/p>\n<p>\u00c4n s\u00e5 l\u00e4nge finns inga bevis p\u00e5 att den ryska milit\u00e4ren inlett n\u00e5gra f\u00f6rberedelser, enligt Palisa.<\/p>\n<p>Enligt Ukraina och v\u00e4sterl\u00e4ndska underr\u00e4ttelsek\u00e4llor planerar Ryssland nya mobiliseringar efter \u201dvalet\u201d till statsduman den 18-20 september. Detta f\u00f6rnekas best\u00e4mt av Kreml.<\/p>\n<p>Omni \u00e4r politiskt obundna och oberoende. Vi str\u00e4var efter att ge fler perspektiv p\u00e5 nyheterna. Har du fr\u00e5gor eller synpunkter kring v\u00e5r rapportering? <a href=\"https:\/\/omni.se\/ukraina-ryssland-planerar-nytt-markanfall-mot-kyiv\/a\/mailto:redaktion@omni.se\" class=\"ArticleActions-module-scss-module__w9u9BG__contactLink\" rel=\"nofollow noopener\" target=\"_blank\">Kontakta redaktionen<\/a><\/p>\n","protected":false},"excerpt":{"rendered":"Ukraina har underr\u00e4ttelser om att Ryssland planerar nya markanfall mot Kyiv och Tjernihiv, rapporterar Politico. Enligt Zelenskyjs vice&hellip;\n","protected":false},"author":2,"featured_media":357333,"comment_status":"","ping_status":"","sticky":false,"template":"","format":"standard","meta":{"footnotes":"","_share_on_mastodon":"0"},"categories":[5],"tags":[22,23,267,26,27,17,21,24,25,28,29,15,16,18,269,264,34,31,33,32,30,19,20,263],"class_list":["post-357332","post","type-post","status-publish","format-standard","has-post-thumbnail","category-rubriker","tag-breaking-news","tag-breakingnews","tag-europa","tag-featured-news","tag-featurednews","tag-headlines","tag-huvudnyheter","tag-latest-news","tag-latestnews","tag-main-news","tag-mainnews","tag-news","tag-nyheter","tag-rubriker","tag-ryska-invasionen","tag-ryssland","tag-se","tag-svenska","tag-sverige","tag-sweden","tag-swedish","tag-top-stories","tag-topstories","tag-ukraina"],"share_on_mastodon":{"url":"https:\/\/pubeurope.com\/@se\/117180361994497687","error":""},"_links":{"self":[{"href":"https:\/\/www.europesays.com\/se\/wp-json\/wp\/v2\/posts\/357332","targetHints":{"allow":["GET"]}}],"collection":[{"href":"https:\/\/www.europesays.com\/se\/wp-json\/wp\/v2\/posts"}],"about":[{"href":"https:\/\/www.europesays.com\/se\/wp-json\/wp\/v2\/types\/post"}],"author":[{"embeddable":true,"href":"https:\/\/www.europesays.com\/se\/wp-json\/wp\/v2\/users\/2"}],"replies":[{"embeddable":true,"href":"https:\/\/www.europesays.com\/se\/wp-json\/wp\/v2\/comments?post=357332"}],"version-history":[{"count":0,"href":"https:\/\/www.europesays.com\/se\/wp-json\/wp\/v2\/posts\/357332\/revisions"}],"wp:featuredmedia":[{"embeddable":true,"href":"https:\/\/www.europesays.com\/se\/wp-json\/wp\/v2\/media\/357333"}],"wp:attachment":[{"href":"https:\/\/www.europesays.com\/se\/wp-json\/wp\/v2\/media?parent=357332"}],"wp:term":[{"taxonomy":"category","embeddable":true,"href":"https:\/\/www.europesays.com\/se\/wp-json\/wp\/v2\/categories?post=357332"},{"taxonomy":"post_tag","embeddable":true,"href":"https:\/\/www.europesays.com\/se\/wp-json\/wp\/v2\/tags?post=357332"}],"curies":[{"name":"wp","href":"https:\/\/api.w.org\/{rel}","templated":true}]}}