{"id":357348,"date":"2026-08-29T19:30:33","date_gmt":"2026-08-29T19:30:33","guid":{"rendered":"https:\/\/www.europesays.com\/se\/357348\/"},"modified":"2026-08-29T19:30:33","modified_gmt":"2026-08-29T19:30:33","slug":"statsvetare-lat-oss-inte-ropa-varg-om-demokratins-fall","status":"publish","type":"post","link":"https:\/\/www.europesays.com\/se\/357348\/","title":{"rendered":"Statsvetare: L\u00e5t oss inte ropa varg om demokratins fall"},"content":{"rendered":"<p>Sveriges demokrati \u00e4r inte hotad \u2013 trots att varningarna st\u00e5r som sp\u00f6n i backen. Det skriver tv\u00e5 statsvetare i SvD Debatt.<\/p>\n<p>En anledning till att andra statsvetare slagit larm om demokratin, eller som debatt\u00f6rerna skriver \u201dn\u00e4rmast blivit en sorts handelsresande i domedagsprofetior\u201d, \u00e4r att demokratibegreppet blivit f\u00f6r brett, skriver de. <\/p>\n<p>Risken med en alltf\u00f6r bred definition av begreppet \u00e4r att det anv\u00e4nds f\u00f6r att kalla politik man inte sj\u00e4lv gillar f\u00f6r ett hot mot demokratin. Dessutom tenderar v\u00e4ljare att acceptera demokratiska regelbrott fr\u00e5n det egna partiet om hotet fr\u00e5n motparten upplevs som tillr\u00e4ckligt stort, skriver debatt\u00f6rerna.<\/p>\n<p>\u201dKommer n\u00e5gon, efter alla dessa rop om hot mot demokratin, verkligen att lyssna den dag vi, mot f\u00f6rmodan, har ett reellt hot mot demokratin? L\u00e5t oss spara s\u00e5dana vargrop till den dag d\u00e5 de verkligen \u00e4r befogade.\u201d<\/p>\n<p>Omni \u00e4r politiskt obundna och oberoende. Vi str\u00e4var efter att ge fler perspektiv p\u00e5 nyheterna. Har du fr\u00e5gor eller synpunkter kring v\u00e5r rapportering? <a href=\"https:\/\/omni.se\/statsvetare-lat-oss-inte-ropa-varg-om-demokratins-fall\/a\/mailto:redaktion@omni.se\" class=\"ArticleActions-module-scss-module__w9u9BG__contactLink\" rel=\"nofollow noopener\" target=\"_blank\">Kontakta redaktionen<\/a><\/p>\n","protected":false},"excerpt":{"rendered":"Sveriges demokrati \u00e4r inte hotad \u2013 trots att varningarna st\u00e5r som sp\u00f6n i backen. Det skriver tv\u00e5 statsvetare&hellip;\n","protected":false},"author":2,"featured_media":357349,"comment_status":"","ping_status":"","sticky":false,"template":"","format":"standard","meta":{"footnotes":"","_share_on_mastodon":"0"},"categories":[12],"tags":[22,23,445,26,27,17,21,24,25,28,29,15,16,18,34,31,33,32,30,19,20],"class_list":["post-357348","post","type-post","status-publish","format-standard","has-post-thumbnail","category-sverige","tag-breaking-news","tag-breakingnews","tag-debatt","tag-featured-news","tag-featurednews","tag-headlines","tag-huvudnyheter","tag-latest-news","tag-latestnews","tag-main-news","tag-mainnews","tag-news","tag-nyheter","tag-rubriker","tag-se","tag-svenska","tag-sverige","tag-sweden","tag-swedish","tag-top-stories","tag-topstories"],"share_on_mastodon":{"url":"https:\/\/pubeurope.com\/@se\/117180460471063649","error":""},"_links":{"self":[{"href":"https:\/\/www.europesays.com\/se\/wp-json\/wp\/v2\/posts\/357348","targetHints":{"allow":["GET"]}}],"collection":[{"href":"https:\/\/www.europesays.com\/se\/wp-json\/wp\/v2\/posts"}],"about":[{"href":"https:\/\/www.europesays.com\/se\/wp-json\/wp\/v2\/types\/post"}],"author":[{"embeddable":true,"href":"https:\/\/www.europesays.com\/se\/wp-json\/wp\/v2\/users\/2"}],"replies":[{"embeddable":true,"href":"https:\/\/www.europesays.com\/se\/wp-json\/wp\/v2\/comments?post=357348"}],"version-history":[{"count":0,"href":"https:\/\/www.europesays.com\/se\/wp-json\/wp\/v2\/posts\/357348\/revisions"}],"wp:featuredmedia":[{"embeddable":true,"href":"https:\/\/www.europesays.com\/se\/wp-json\/wp\/v2\/media\/357349"}],"wp:attachment":[{"href":"https:\/\/www.europesays.com\/se\/wp-json\/wp\/v2\/media?parent=357348"}],"wp:term":[{"taxonomy":"category","embeddable":true,"href":"https:\/\/www.europesays.com\/se\/wp-json\/wp\/v2\/categories?post=357348"},{"taxonomy":"post_tag","embeddable":true,"href":"https:\/\/www.europesays.com\/se\/wp-json\/wp\/v2\/tags?post=357348"}],"curies":[{"name":"wp","href":"https:\/\/api.w.org\/{rel}","templated":true}]}}