{"id":357366,"date":"2026-08-29T19:50:18","date_gmt":"2026-08-29T19:50:18","guid":{"rendered":"https:\/\/www.europesays.com\/se\/357366\/"},"modified":"2026-08-29T19:50:18","modified_gmt":"2026-08-29T19:50:18","slug":"kanada-svarar-trump-med-jatteskylt-han-spelar-gamla-hits-lite-sorgligt","status":"publish","type":"post","link":"https:\/\/www.europesays.com\/se\/357366\/","title":{"rendered":"Kanada svarar Trump med j\u00e4tteskylt: \u201dHan spelar gamla hits \u2013 lite sorgligt\u201d"},"content":{"rendered":"<p>Ontarios premi\u00e4rminister Doug Ford, som inte drar sig f\u00f6r att munhuggas med Donald Trump, har avt\u00e4ckt en enorm skylt vid Ontariosj\u00f6n. Det rapporterar AP.<\/p>\n<p>\u201dOntariosj\u00f6n \u2013 nu och f\u00f6r alltid\u201d, st\u00e5r det, som svar p\u00e5 att den amerikanske presidenten d\u00f6pt om sj\u00f6n till Amerikasj\u00f6n (Lake America) under det p\u00e5g\u00e5ende handelskriget.<\/p>\n<p>Wab Kinew, premi\u00e4rminister i grannprovinsen Manitoba, liknar Trump vid en avdankad rockstj\u00e4rna.<\/p>\n<p>\u2013 Du vet n\u00e4r ett rockband verkligen \u00e4r p\u00e5 upph\u00e4llningen och du ser dem spela 50 \u00e5r gamla l\u00e5tar p\u00e5 ett kasino. D\u00e4r \u00e4r vi nu i Donald Trumps presidentskap, s\u00e4ger han och forts\u00e4tter:<\/p>\n<p>\u2013 Han tyckte att han hade en riktig hit med Gulf of America, och nu f\u00f6rs\u00f6ker han spela gamla hits f\u00f6r sin v\u00e4ljarbas, men alla tycker det \u00e4r lite sorgligt och inte hans b\u00e4sta verk.<\/p>\n<p>Omni \u00e4r politiskt obundna och oberoende. Vi str\u00e4var efter att ge fler perspektiv p\u00e5 nyheterna. Har du fr\u00e5gor eller synpunkter kring v\u00e5r rapportering? <a href=\"https:\/\/omni.se\/kanada-svarar-trump-med-jatteskylt-han-spelar-gamla-hits-lite-sorgligt\/a\/mailto:redaktion@omni.se\" class=\"ArticleActions-module-scss-module__w9u9BG__contactLink\" rel=\"nofollow noopener\" target=\"_blank\">Kontakta redaktionen<\/a><\/p>\n","protected":false},"excerpt":{"rendered":"Ontarios premi\u00e4rminister Doug Ford, som inte drar sig f\u00f6r att munhuggas med Donald Trump, har avt\u00e4ckt en enorm&hellip;\n","protected":false},"author":2,"featured_media":357367,"comment_status":"","ping_status":"","sticky":false,"template":"","format":"standard","meta":{"footnotes":"","_share_on_mastodon":"0"},"categories":[5],"tags":[22,23,385,26,27,17,21,1091,24,25,28,29,15,268,16,18,34,31,33,32,30,19,20,77,74],"class_list":["post-357366","post","type-post","status-publish","format-standard","has-post-thumbnail","category-rubriker","tag-breaking-news","tag-breakingnews","tag-donald-trump","tag-featured-news","tag-featurednews","tag-headlines","tag-huvudnyheter","tag-kanada","tag-latest-news","tag-latestnews","tag-main-news","tag-mainnews","tag-news","tag-nordamerika","tag-nyheter","tag-rubriker","tag-se","tag-svenska","tag-sverige","tag-sweden","tag-swedish","tag-top-stories","tag-topstories","tag-tullkrisen","tag-usa"],"share_on_mastodon":{"url":"https:\/\/pubeurope.com\/@se\/117180538885571099","error":""},"_links":{"self":[{"href":"https:\/\/www.europesays.com\/se\/wp-json\/wp\/v2\/posts\/357366","targetHints":{"allow":["GET"]}}],"collection":[{"href":"https:\/\/www.europesays.com\/se\/wp-json\/wp\/v2\/posts"}],"about":[{"href":"https:\/\/www.europesays.com\/se\/wp-json\/wp\/v2\/types\/post"}],"author":[{"embeddable":true,"href":"https:\/\/www.europesays.com\/se\/wp-json\/wp\/v2\/users\/2"}],"replies":[{"embeddable":true,"href":"https:\/\/www.europesays.com\/se\/wp-json\/wp\/v2\/comments?post=357366"}],"version-history":[{"count":0,"href":"https:\/\/www.europesays.com\/se\/wp-json\/wp\/v2\/posts\/357366\/revisions"}],"wp:featuredmedia":[{"embeddable":true,"href":"https:\/\/www.europesays.com\/se\/wp-json\/wp\/v2\/media\/357367"}],"wp:attachment":[{"href":"https:\/\/www.europesays.com\/se\/wp-json\/wp\/v2\/media?parent=357366"}],"wp:term":[{"taxonomy":"category","embeddable":true,"href":"https:\/\/www.europesays.com\/se\/wp-json\/wp\/v2\/categories?post=357366"},{"taxonomy":"post_tag","embeddable":true,"href":"https:\/\/www.europesays.com\/se\/wp-json\/wp\/v2\/tags?post=357366"}],"curies":[{"name":"wp","href":"https:\/\/api.w.org\/{rel}","templated":true}]}}