{"id":357372,"date":"2026-08-29T20:04:17","date_gmt":"2026-08-29T20:04:17","guid":{"rendered":"https:\/\/www.europesays.com\/se\/357372\/"},"modified":"2026-08-29T20:04:17","modified_gmt":"2026-08-29T20:04:17","slug":"putin-naringskedjan-forklarar-vart-krig","status":"publish","type":"post","link":"https:\/\/www.europesays.com\/se\/357372\/","title":{"rendered":"Putin: N\u00e4ringskedjan f\u00f6rklarar v\u00e5rt krig"},"content":{"rendered":"<p>I en m\u00e4rklig djuranalogi f\u00f6rs\u00f6ker Vladimir Putin r\u00e4ttf\u00e4rdiga anfallskriget mot Ukraina, skriver oberoende exilryska Meduza.<\/p>\n<p>Den ryske presidenten fr\u00e5gade en l\u00e4rare fr\u00e5n Belgorod, som bes\u00f6kt Nordpolen, om han sett n\u00e5gra isbj\u00f6rnar d\u00e4r. N\u00e4r l\u00e4raren svarade ja sa Putin:<\/p>\n<p>\u2013 Det finns sp\u00e4ckhuggare d\u00e4r som jagar bj\u00f6rnarna och \u00e4ter upp dem i ett nafs. De n\u00e4rmar sig i flock och, boom, sliter s\u00f6nder bj\u00f6rnarna.<\/p>\n<p>\u2013 Det \u00e4r n\u00e4ringskedjan. Barn borde undervisas om det h\u00e4r, s\u00e5 att de f\u00f6rst\u00e5r vilken v\u00e4rld vi lever i och varf\u00f6r vi utf\u00f6r v\u00e5r s\u00e4rskilda milit\u00e4roperation, fortsatte han.<\/p>\n<p>Omni \u00e4r politiskt obundna och oberoende. Vi str\u00e4var efter att ge fler perspektiv p\u00e5 nyheterna. Har du fr\u00e5gor eller synpunkter kring v\u00e5r rapportering? <a href=\"https:\/\/omni.se\/putin-naringskedjan-forklarar-vart-krig\/a\/mailto:redaktion@omni.se\" class=\"ArticleActions-module-scss-module__w9u9BG__contactLink\" rel=\"nofollow noopener\" target=\"_blank\">Kontakta redaktionen<\/a><\/p>\n","protected":false},"excerpt":{"rendered":"I en m\u00e4rklig djuranalogi f\u00f6rs\u00f6ker Vladimir Putin r\u00e4ttf\u00e4rdiga anfallskriget mot Ukraina, skriver oberoende exilryska Meduza. Den ryske presidenten&hellip;\n","protected":false},"author":2,"featured_media":357373,"comment_status":"","ping_status":"","sticky":false,"template":"","format":"standard","meta":{"footnotes":"","_share_on_mastodon":"0"},"categories":[14],"tags":[22,23,267,26,27,17,21,24,25,28,29,15,16,18,269,264,34,31,33,32,30,19,20,263,51,261,52,53,54],"class_list":["post-357372","post","type-post","status-publish","format-standard","has-post-thumbnail","category-varlden","tag-breaking-news","tag-breakingnews","tag-europa","tag-featured-news","tag-featurednews","tag-headlines","tag-huvudnyheter","tag-latest-news","tag-latestnews","tag-main-news","tag-mainnews","tag-news","tag-nyheter","tag-rubriker","tag-ryska-invasionen","tag-ryssland","tag-se","tag-svenska","tag-sverige","tag-sweden","tag-swedish","tag-top-stories","tag-topstories","tag-ukraina","tag-varlden","tag-vladimir-putin","tag-world","tag-world-news","tag-worldnews"],"share_on_mastodon":{"url":"https:\/\/pubeurope.com\/@se\/117180593997715601","error":""},"_links":{"self":[{"href":"https:\/\/www.europesays.com\/se\/wp-json\/wp\/v2\/posts\/357372","targetHints":{"allow":["GET"]}}],"collection":[{"href":"https:\/\/www.europesays.com\/se\/wp-json\/wp\/v2\/posts"}],"about":[{"href":"https:\/\/www.europesays.com\/se\/wp-json\/wp\/v2\/types\/post"}],"author":[{"embeddable":true,"href":"https:\/\/www.europesays.com\/se\/wp-json\/wp\/v2\/users\/2"}],"replies":[{"embeddable":true,"href":"https:\/\/www.europesays.com\/se\/wp-json\/wp\/v2\/comments?post=357372"}],"version-history":[{"count":0,"href":"https:\/\/www.europesays.com\/se\/wp-json\/wp\/v2\/posts\/357372\/revisions"}],"wp:featuredmedia":[{"embeddable":true,"href":"https:\/\/www.europesays.com\/se\/wp-json\/wp\/v2\/media\/357373"}],"wp:attachment":[{"href":"https:\/\/www.europesays.com\/se\/wp-json\/wp\/v2\/media?parent=357372"}],"wp:term":[{"taxonomy":"category","embeddable":true,"href":"https:\/\/www.europesays.com\/se\/wp-json\/wp\/v2\/categories?post=357372"},{"taxonomy":"post_tag","embeddable":true,"href":"https:\/\/www.europesays.com\/se\/wp-json\/wp\/v2\/tags?post=357372"}],"curies":[{"name":"wp","href":"https:\/\/api.w.org\/{rel}","templated":true}]}}