{"id":357378,"date":"2026-08-29T20:15:25","date_gmt":"2026-08-29T20:15:25","guid":{"rendered":"https:\/\/www.europesays.com\/se\/357378\/"},"modified":"2026-08-29T20:15:25","modified_gmt":"2026-08-29T20:15:25","slug":"hostvader-i-hela-landet-tio-dagars-regn-i-stockholm","status":"publish","type":"post","link":"https:\/\/www.europesays.com\/se\/357378\/","title":{"rendered":"H\u00f6stv\u00e4der i hela landet \u2013 tio dagars regn i Stockholm"},"content":{"rendered":"<p>Ov\u00e4der och flera l\u00e5gtryck drar in \u00f6ver Sverige, och det blir regn i stora delar av landet under veckan fram\u00f6ver, rapporterar Expressen.<\/p>\n<p>\u2013 Det blir tidvis regn eller skurar som kan vara lite kraftigare. Det kan \u00e4ven bli \u00e5ska lokalt och tidvis bl\u00e5sigt med friska eller till och med h\u00e5rda vindbyar, s\u00e4ger Angelica Lundberg, meteorolog hos SMHI.<\/p>\n<p>Det blir dock inte s\u00e4rskilt kallt. Det v\u00e4ntas bli omkring 15 grader i norr och upp till 20 i s\u00f6der.<\/p>\n<p>I Stockholmsregionen visar prognosen regn varje dag i tio dagar fram\u00f6ver. Men hela Sverige ska f\u00e5 skurar i omg\u00e5ngar.<\/p>\n<p>Omni \u00e4r politiskt obundna och oberoende. Vi str\u00e4var efter att ge fler perspektiv p\u00e5 nyheterna. Har du fr\u00e5gor eller synpunkter kring v\u00e5r rapportering? <a href=\"https:\/\/omni.se\/hostvader-i-hela-landet-tio-dagar-regn-i-stockholm\/a\/mailto:redaktion@omni.se\" class=\"ArticleActions-module-scss-module__w9u9BG__contactLink\" rel=\"nofollow noopener\" target=\"_blank\">Kontakta redaktionen<\/a><\/p>\n","protected":false},"excerpt":{"rendered":"Ov\u00e4der och flera l\u00e5gtryck drar in \u00f6ver Sverige, och det blir regn i stora delar av landet under&hellip;\n","protected":false},"author":2,"featured_media":357379,"comment_status":"","ping_status":"","sticky":false,"template":"","format":"standard","meta":{"footnotes":"","_share_on_mastodon":"0"},"categories":[5],"tags":[22,23,26,27,17,21,24,25,28,29,15,16,18,34,842,127,31,33,32,30,19,20,693],"class_list":["post-357378","post","type-post","status-publish","format-standard","has-post-thumbnail","category-rubriker","tag-breaking-news","tag-breakingnews","tag-featured-news","tag-featurednews","tag-headlines","tag-huvudnyheter","tag-latest-news","tag-latestnews","tag-main-news","tag-mainnews","tag-news","tag-nyheter","tag-rubriker","tag-se","tag-smhi","tag-stockholms-lan","tag-svenska","tag-sverige","tag-sweden","tag-swedish","tag-top-stories","tag-topstories","tag-vader"],"share_on_mastodon":{"url":"https:\/\/pubeurope.com\/@se\/117180637285939736","error":""},"_links":{"self":[{"href":"https:\/\/www.europesays.com\/se\/wp-json\/wp\/v2\/posts\/357378","targetHints":{"allow":["GET"]}}],"collection":[{"href":"https:\/\/www.europesays.com\/se\/wp-json\/wp\/v2\/posts"}],"about":[{"href":"https:\/\/www.europesays.com\/se\/wp-json\/wp\/v2\/types\/post"}],"author":[{"embeddable":true,"href":"https:\/\/www.europesays.com\/se\/wp-json\/wp\/v2\/users\/2"}],"replies":[{"embeddable":true,"href":"https:\/\/www.europesays.com\/se\/wp-json\/wp\/v2\/comments?post=357378"}],"version-history":[{"count":0,"href":"https:\/\/www.europesays.com\/se\/wp-json\/wp\/v2\/posts\/357378\/revisions"}],"wp:featuredmedia":[{"embeddable":true,"href":"https:\/\/www.europesays.com\/se\/wp-json\/wp\/v2\/media\/357379"}],"wp:attachment":[{"href":"https:\/\/www.europesays.com\/se\/wp-json\/wp\/v2\/media?parent=357378"}],"wp:term":[{"taxonomy":"category","embeddable":true,"href":"https:\/\/www.europesays.com\/se\/wp-json\/wp\/v2\/categories?post=357378"},{"taxonomy":"post_tag","embeddable":true,"href":"https:\/\/www.europesays.com\/se\/wp-json\/wp\/v2\/tags?post=357378"}],"curies":[{"name":"wp","href":"https:\/\/api.w.org\/{rel}","templated":true}]}}