{"id":357420,"date":"2026-08-29T21:45:12","date_gmt":"2026-08-29T21:45:12","guid":{"rendered":"https:\/\/www.europesays.com\/se\/357420\/"},"modified":"2026-08-29T21:45:12","modified_gmt":"2026-08-29T21:45:12","slug":"facket-sagar-forslag-om-gratis-forskola-fel-tankt","status":"publish","type":"post","link":"https:\/\/www.europesays.com\/se\/357420\/","title":{"rendered":"Facket s\u00e5gar f\u00f6rslag om gratis f\u00f6rskola: \u201dFel t\u00e4nkt\u201d"},"content":{"rendered":"<p>Att g\u00f6ra f\u00f6rskola och fritidshem avgiftsfria, som Moderaterna har f\u00f6reslagit, \u00e4r en felprioritering. Det s\u00e4ger fackf\u00f6rbundet Sveriges L\u00e4rares ordf\u00f6rande Anna Olskog till Altinget.<\/p>\n<p>\u2013 Vad \u00e4r po\u00e4ngen med en gratis verksamhet som g\u00e5r p\u00e5 kn\u00e4na? Det \u00e4r fel t\u00e4nkt, s\u00e4ger hon. <\/p>\n<p>I\u202fst\u00e4llet f\u00f6r att slopa avgiften vill hon att pengarna som satsningen kostar borde g\u00e5 till mer personal och mindre barngrupper. Hon vill se ett lagkrav p\u00e5 hur stora grupperna f\u00e5r vara och tycker att mellan 12 och 15 barn \u00e4r lagom. <\/p>\n<p>Omni \u00e4r politiskt obundna och oberoende. Vi str\u00e4var efter att ge fler perspektiv p\u00e5 nyheterna. Har du fr\u00e5gor eller synpunkter kring v\u00e5r rapportering? <a href=\"https:\/\/omni.se\/facket-sagar-forslag-om-gratis-forskola-ar-fel-tankt\/a\/mailto:redaktion@omni.se\" class=\"ArticleActions-module-scss-module__w9u9BG__contactLink\" rel=\"nofollow noopener\" target=\"_blank\">Kontakta redaktionen<\/a><\/p>\n","protected":false},"excerpt":{"rendered":"Att g\u00f6ra f\u00f6rskola och fritidshem avgiftsfria, som Moderaterna har f\u00f6reslagit, \u00e4r en felprioritering. Det s\u00e4ger fackf\u00f6rbundet Sveriges L\u00e4rares&hellip;\n","protected":false},"author":2,"featured_media":357421,"comment_status":"","ping_status":"","sticky":false,"template":"","format":"standard","meta":{"footnotes":"","_share_on_mastodon":"0"},"categories":[5],"tags":[223,22,23,26,27,17,21,24,25,28,29,551,15,16,369,18,34,982,31,33,40702,32,30,19,20,3027,3416],"class_list":["post-357420","post","type-post","status-publish","format-standard","has-post-thumbnail","category-rubriker","tag-barn-unga","tag-breaking-news","tag-breakingnews","tag-featured-news","tag-featurednews","tag-headlines","tag-huvudnyheter","tag-latest-news","tag-latestnews","tag-main-news","tag-mainnews","tag-moderaterna","tag-news","tag-nyheter","tag-politik","tag-rubriker","tag-se","tag-skola-utbildning","tag-svenska","tag-sverige","tag-sveriges-larare","tag-sweden","tag-swedish","tag-top-stories","tag-topstories","tag-utbildningspolitik","tag-valet-2026"],"share_on_mastodon":{"url":"https:\/\/pubeurope.com\/@se\/117180990994910628","error":""},"_links":{"self":[{"href":"https:\/\/www.europesays.com\/se\/wp-json\/wp\/v2\/posts\/357420","targetHints":{"allow":["GET"]}}],"collection":[{"href":"https:\/\/www.europesays.com\/se\/wp-json\/wp\/v2\/posts"}],"about":[{"href":"https:\/\/www.europesays.com\/se\/wp-json\/wp\/v2\/types\/post"}],"author":[{"embeddable":true,"href":"https:\/\/www.europesays.com\/se\/wp-json\/wp\/v2\/users\/2"}],"replies":[{"embeddable":true,"href":"https:\/\/www.europesays.com\/se\/wp-json\/wp\/v2\/comments?post=357420"}],"version-history":[{"count":0,"href":"https:\/\/www.europesays.com\/se\/wp-json\/wp\/v2\/posts\/357420\/revisions"}],"wp:featuredmedia":[{"embeddable":true,"href":"https:\/\/www.europesays.com\/se\/wp-json\/wp\/v2\/media\/357421"}],"wp:attachment":[{"href":"https:\/\/www.europesays.com\/se\/wp-json\/wp\/v2\/media?parent=357420"}],"wp:term":[{"taxonomy":"category","embeddable":true,"href":"https:\/\/www.europesays.com\/se\/wp-json\/wp\/v2\/categories?post=357420"},{"taxonomy":"post_tag","embeddable":true,"href":"https:\/\/www.europesays.com\/se\/wp-json\/wp\/v2\/tags?post=357420"}],"curies":[{"name":"wp","href":"https:\/\/api.w.org\/{rel}","templated":true}]}}