{"id":35743,"date":"2025-09-21T09:48:36","date_gmt":"2025-09-21T09:48:36","guid":{"rendered":"https:\/\/www.europesays.com\/se\/35743\/"},"modified":"2025-09-21T09:48:36","modified_gmt":"2025-09-21T09:48:36","slug":"s-ilskan-efter-kristerssons-kritik-om-energioverenskommelsen","status":"publish","type":"post","link":"https:\/\/www.europesays.com\/se\/35743\/","title":{"rendered":"S-ilskan efter Kristerssons kritik om energi\u00f6verenskommelsen"},"content":{"rendered":"<p>Publicerad 19 sep 2025 kl 15.50Uppdaterad kl 18.40<\/p>\n<p>Statsministern l\u00e4gger skulden p\u00e5 Socialdemokraterna f\u00f6r de kraschade energif\u00f6rhandlingarna.<\/p>\n<p>Det g\u00f6r Fredrik Olovsson (S) fly f\u00f6rbannad.<\/p>\n<p>\u2013\u00a0Han har inte f\u00e5tt g\u00f6ra det h\u00e4r f\u00f6r Sverigedemokraterna, s\u00e5 nu f\u00f6rs\u00f6ker han flytta kritiken till oss, s\u00e4ger han.<\/p>\n<p>\u00c4ven Magdalena Andersson rasar mot statsministern.<\/p>\n<p><img   alt=\"\"\/><\/p>\n<p>Fredrik Olovsson och Magdalena Andersson (S).<\/p>\n<p>Foto: Caisa Rasmussen\/TT \/ TT NYHETSBYR\u00c5N \/ Caisa Rasmussen<\/p>\n<p>\u00d6ppna bild i helsk\u00e4rm<img loading=\"lazy\"   alt=\"\"\/><\/p>\n<p>Ulf Kristersson i Expressens podd \u201dViktor m\u00f6ter\u201d.<\/p>\n<p>Foto: SVEN LINDWALL<\/p>\n<p>\u00d6ppna bild i helsk\u00e4rm<img loading=\"lazy\"   alt=\"\"\/><\/p>\n<p>Magdalena Andersson (S).<\/p>\n<p>Foto: Caisa Rasmussen\/TT \/ TT NYHETSBYR\u00c5N \/ Caisa Rasmussen<\/p>\n<p>\u00d6ppna bild i helsk\u00e4rm<img loading=\"lazy\"   alt=\"\"\/><\/p>\n<p>SD-ledaren Jimmie \u00c5kesson.<\/p>\n<p>Foto: PELLE T NILSSON \/ SPA SPA | SWEDISH PRESS AGENCY<\/p>\n<p>\u00d6ppna bild i helsk\u00e4rm<\/p>\n<p>Det \u00e4r i i <a href=\"https:\/\/www.expressen.se\/nyheter\/politik\/kristersson-avfardar-sd-kravet-jimmie-akesson-kan-inte-bli-statsminister\/\" rel=\"nofollow noopener\" target=\"_blank\">Expressens podd \u201dViktor m\u00f6ter\u201d<\/a> med Viktor Barth-Kron som statsminister Ulf Kristersson (M) s\u00e4ger att Socialdemokraterna i f\u00f6rhandlingarna om energin <a href=\"https:\/\/www.expressen.se\/nyheter\/politik\/kristersson-attackerar-s-efter-kraschade-energisamtalen\/\" rel=\"nofollow noopener\" target=\"_blank\">kom med \u201domd\u00f6mesl\u00f6sa\u201d f\u00f6rslag<\/a> \u2013 till exempel att ompr\u00f6va F\u00f6rsvarsmaktens beslut att s\u00e4ga nej till havsbaserad vind. N\u00e5got som gjorde det om\u00f6jligt att n\u00e5 en bred uppg\u00f6relse, enligt Kristersson.<\/p>\n<p>Uttalandet <a href=\"https:\/\/www.expressen.se\/nyheter\/politik\/busch-efter-energiforhandlingarna-ingen-stor-overenskommelse\/\" rel=\"nofollow noopener\" target=\"_blank\">g\u00e5r emot den bild som energiminister Ebba Busch (KD) gav p\u00e5 torsdagen<\/a>, d\u00e5 hon hyllade <a href=\"https:\/\/www.expressen.se\/tagg\/organization\/socialdemokraterna\/\" class=\"\" rel=\"nofollow noopener\" target=\"_blank\">Socialdemokraterna<\/a> och V\u00e4nsterpartiet f\u00f6r att ha varit konstruktiva i f\u00f6rhandlingarna.<\/p>\n<p>Tror SD satt stopp<\/p>\n<p>Fredrik Olovsson, Socialdemokraternas energipolitiska talesperson och den som sk\u00f6tt f\u00f6rhandlingarna f\u00f6r sitt parti, \u00e4r m\u00e4kta uppr\u00f6rd \u00f6ver den bild Ulf Kristersson nu ger.\u00a0<\/p>\n<p>\u2013\u00a0Han \u00e4r s\u00e5 fruktansv\u00e4rt svag. F\u00f6r ett par veckor sedan stod han i Ringhals och sa att det beh\u00f6vdes en ny bred \u00f6verenskommelse. Redan d\u00e5 hade han hela v\u00e5rt underlag, och han f\u00f6rstod naturligtvis att det gick att g\u00f6ra en bra och bred energi\u00f6verenskommelse, s\u00e4ger Olovsson, och till\u00e4gger:<\/p>\n<p>\u2013\u00a0Sen har han inte f\u00e5tt g\u00f6ra det f\u00f6r Sverigedemokraterna och nu f\u00f6rs\u00f6ker han i st\u00e4llet att flytta kritiken till oss.<\/p>\n<p><strong>Men Ulf Kristersson s\u00e4ger i intervjun att regeringen har era krav p\u00e5 papper?<\/strong><\/p>\n<p>\u2013\u00a0Vi har v\u00e4ntat p\u00e5 en samlad \u00e5terkoppling, om det finns f\u00f6rslag som de inte tycker \u00e4r bra s\u00e5 har vi utg\u00e5tt fr\u00e5n att man inte vill ta med dem, och s\u00e5 f\u00f6rklarar man varf\u00f6r. Det \u00e4r s\u00e5 det fungerar i en f\u00f6rhandling.<\/p>\n<p><strong>Men vad \u00e4r det ni har skickat in?<\/strong><\/p>\n<p>\u2013\u00a0Vi vill att man ska bygga p\u00e5 de platser i \u00d6stersj\u00f6n som redan har f\u00e5tt tillst\u00e5nd, av F\u00f6rsvarsmakten och alla myndigheter som har gett ut dem. Men vi har ocks\u00e5 sagt att vi vill ha en dialog med F\u00f6rsvarsmakten och de andra relevanta myndigheterna om vilka platser i \u00d6stersj\u00f6n som man skulle kunna hitta som \u00e4r acceptabla f\u00f6r alla att bygga p\u00e5.<\/p>\n<p>Vill ha \u00f6verenskommelse<\/p>\n<p>Trots ilskan Fredrik Olovsson nu visar s\u00e4ger han att Socialdemokraterna fortsatt \u00e4r \u00f6ppna f\u00f6r att medverka till en bred \u00f6verenskommelse om energin.<\/p>\n<p>\u2013\u00a0Det \u00e4r vi fortsatt beredda att g\u00f6ra. Att statsministern inte anstr\u00e4nger sig mer f\u00f6r att f\u00e5 en s\u00e5n p\u00e5 plats, det \u00e4r faktiskt obegripligt. Det h\u00e4r \u00e4r n\u00e5gonting som alla akt\u00f6rer i hela n\u00e4ringslivet kr\u00e4ver av politiken att vi ska leverera.<\/p>\n<p>Andersson: Hade aldrig ambitionen<\/p>\n<p>\u00c4ven S-ledaren Magdalena Andersson \u00e4r arg efter Kristerssons uttalande. P\u00e5 X skriver hon:<\/p>\n<p>\u201dIdag visade Ulf Kristersson att han aldrig hade som ambition att sluta en energi\u00f6verenskommelse, eftersom han inte har kontroll \u00f6ver sitt regeringsunderlag.\u00a0<\/p>\n<p>Det \u00e4r inte bra f\u00f6r Sverige. V\u00e5rt land beh\u00f6ver en \u00f6verenskommelse f\u00f6r att s\u00e4kra investeringar, billig el och nya jobb.\u201d.<\/p>\n<p>I ett inl\u00e4gg p\u00e5 X skriver Per Swenson Clar\u00e9us, moderat statssekreterare:<\/p>\n<p>\u201dDet krav som S spelade in l\u00f6d ordagrant: &#8217;Ett antal av de havsvindparker i \u00d6stersj\u00f6n som meddelats att de inte \u00e4r aktuella f\u00f6r utbyggnad ska snarast tas upp till ompr\u00f6vning i dialog med f\u00f6rsvarsmakten och relevanta myndigheter&#8217;\u201d.<\/p>\n<p><img alt=\"\"\/>Ljudklippet gick inte att spela upp<\/p>\n<p>F\u00f6rs\u00f6k igen senare<\/p>\n<p><strong>L\u00c4S MER: <\/strong><a href=\"https:\/\/www.expressen.se\/nyheter\/politik\/kristersson-attackerar-s-efter-kraschade-energisamtalen\/\" class=\"\" rel=\"nofollow noopener\" target=\"_blank\">Kristersson attackerar S \u2013 efter kraschade energisamtalen<\/a><strong>L\u00c4S MER: <\/strong><a href=\"https:\/\/www.expressen.se\/nyheter\/politik\/s-spricka-i-tido-behovs-bred-energioverenskommelse\/\" class=\"\" rel=\"nofollow noopener\" target=\"_blank\">S: Spricka i Tid\u00f6 \u2013 beh\u00f6vs bred energi\u00f6verenskommelse<\/a><strong>L\u00c4S MER: <\/strong><a href=\"https:\/\/www.expressen.se\/nyheter\/politik\/busch-efter-energiforhandlingarna-ingen-stor-overenskommelse\/\" class=\"\" rel=\"nofollow noopener\" target=\"_blank\">Busch: Ingen bred energi\u00f6verenskommelse<\/a><\/p>\n","protected":false},"excerpt":{"rendered":"Publicerad 19 sep 2025 kl 15.50Uppdaterad kl 18.40 Statsministern l\u00e4gger skulden p\u00e5 Socialdemokraterna f\u00f6r de kraschade energif\u00f6rhandlingarna. Det&hellip;\n","protected":false},"author":2,"featured_media":35744,"comment_status":"","ping_status":"","sticky":false,"template":"","format":"standard","meta":{"footnotes":""},"categories":[12],"tags":[22,23,26,27,17,21,24,25,28,29,15,16,1458,874,530,18,34,583,31,33,32,30,19,152,20],"class_list":{"0":"post-35743","1":"post","2":"type-post","3":"status-publish","4":"format-standard","5":"has-post-thumbnail","7":"category-sverige","8":"tag-breaking-news","9":"tag-breakingnews","10":"tag-featured-news","11":"tag-featurednews","12":"tag-headlines","13":"tag-huvudnyheter","14":"tag-latest-news","15":"tag-latestnews","16":"tag-main-news","17":"tag-mainnews","18":"tag-news","19":"tag-nyheter","20":"tag-organization-socialdemokraterna","21":"tag-person-ebba-busch","22":"tag-person-ulf-kristersson","23":"tag-rubriker","24":"tag-se","25":"tag-sections-politik","26":"tag-svenska","27":"tag-sverige","28":"tag-sweden","29":"tag-swedish","30":"tag-top-stories","31":"tag-topic-inrikespolitik","32":"tag-topstories"},"share_on_mastodon":{"url":"","error":""},"_links":{"self":[{"href":"https:\/\/www.europesays.com\/se\/wp-json\/wp\/v2\/posts\/35743","targetHints":{"allow":["GET"]}}],"collection":[{"href":"https:\/\/www.europesays.com\/se\/wp-json\/wp\/v2\/posts"}],"about":[{"href":"https:\/\/www.europesays.com\/se\/wp-json\/wp\/v2\/types\/post"}],"author":[{"embeddable":true,"href":"https:\/\/www.europesays.com\/se\/wp-json\/wp\/v2\/users\/2"}],"replies":[{"embeddable":true,"href":"https:\/\/www.europesays.com\/se\/wp-json\/wp\/v2\/comments?post=35743"}],"version-history":[{"count":0,"href":"https:\/\/www.europesays.com\/se\/wp-json\/wp\/v2\/posts\/35743\/revisions"}],"wp:featuredmedia":[{"embeddable":true,"href":"https:\/\/www.europesays.com\/se\/wp-json\/wp\/v2\/media\/35744"}],"wp:attachment":[{"href":"https:\/\/www.europesays.com\/se\/wp-json\/wp\/v2\/media?parent=35743"}],"wp:term":[{"taxonomy":"category","embeddable":true,"href":"https:\/\/www.europesays.com\/se\/wp-json\/wp\/v2\/categories?post=35743"},{"taxonomy":"post_tag","embeddable":true,"href":"https:\/\/www.europesays.com\/se\/wp-json\/wp\/v2\/tags?post=35743"}],"curies":[{"name":"wp","href":"https:\/\/api.w.org\/{rel}","templated":true}]}}