{"id":357434,"date":"2026-08-29T22:21:11","date_gmt":"2026-08-29T22:21:11","guid":{"rendered":"https:\/\/www.europesays.com\/se\/357434\/"},"modified":"2026-08-29T22:21:11","modified_gmt":"2026-08-29T22:21:11","slug":"cykelstjarnan-vurpade-under-lopp-ska-opereras","status":"publish","type":"post","link":"https:\/\/www.europesays.com\/se\/357434\/","title":{"rendered":"Cykelstj\u00e4rnan vurpade under lopp \u2013 ska opereras"},"content":{"rendered":"<p>Storstj\u00e4rnan Tadej Pogacar tvingades bryta spanska Vueltan i \u00e5ttonde etappen n\u00e4r han kraschade mitt i klungan, rapporterar flera medier.<\/p>\n<p>Den 27-\u00e5rige slovenen reste sig efter vurpan trots blodiga skraps\u00e5r, men tog sedan av sig hj\u00e4lmen och br\u00f6t loppet. Han l\u00e4mnade banan i ambulans.<\/p>\n<p>Senare meddelade Pogacars stall att han f\u00e5tt en hj\u00e4rnskakning och en fraktur p\u00e5 nyckelbenet och en fraktur p\u00e5 en halskota, och att han beh\u00f6ver opereras.<\/p>\n<p>Omni \u00e4r politiskt obundna och oberoende. Vi str\u00e4var efter att ge fler perspektiv p\u00e5 nyheterna. Har du fr\u00e5gor eller synpunkter kring v\u00e5r rapportering? <a href=\"https:\/\/omni.se\/cykelstjarnan-vurpade-under-lopp-ska-opereras\/a\/mailto:redaktion@omni.se\" class=\"ArticleActions-module-scss-module__w9u9BG__contactLink\" rel=\"nofollow noopener\" target=\"_blank\">Kontakta redaktionen<\/a><\/p>\n","protected":false},"excerpt":{"rendered":"Storstj\u00e4rnan Tadej Pogacar tvingades bryta spanska Vueltan i \u00e5ttonde etappen n\u00e4r han kraschade mitt i klungan, rapporterar flera&hellip;\n","protected":false},"author":2,"featured_media":357435,"comment_status":"","ping_status":"","sticky":false,"template":"","format":"standard","meta":{"footnotes":"","_share_on_mastodon":"0"},"categories":[5],"tags":[22,23,11231,6708,26,27,17,21,24,25,28,29,15,16,18,34,31,33,32,30,28114,19,20],"class_list":["post-357434","post","type-post","status-publish","format-standard","has-post-thumbnail","category-rubriker","tag-breaking-news","tag-breakingnews","tag-cykel","tag-cykelsport","tag-featured-news","tag-featurednews","tag-headlines","tag-huvudnyheter","tag-latest-news","tag-latestnews","tag-main-news","tag-mainnews","tag-news","tag-nyheter","tag-rubriker","tag-se","tag-svenska","tag-sverige","tag-sweden","tag-swedish","tag-tadej-pogacar","tag-top-stories","tag-topstories"],"share_on_mastodon":{"url":"https:\/\/pubeurope.com\/@se\/117181132571513008","error":""},"_links":{"self":[{"href":"https:\/\/www.europesays.com\/se\/wp-json\/wp\/v2\/posts\/357434","targetHints":{"allow":["GET"]}}],"collection":[{"href":"https:\/\/www.europesays.com\/se\/wp-json\/wp\/v2\/posts"}],"about":[{"href":"https:\/\/www.europesays.com\/se\/wp-json\/wp\/v2\/types\/post"}],"author":[{"embeddable":true,"href":"https:\/\/www.europesays.com\/se\/wp-json\/wp\/v2\/users\/2"}],"replies":[{"embeddable":true,"href":"https:\/\/www.europesays.com\/se\/wp-json\/wp\/v2\/comments?post=357434"}],"version-history":[{"count":0,"href":"https:\/\/www.europesays.com\/se\/wp-json\/wp\/v2\/posts\/357434\/revisions"}],"wp:featuredmedia":[{"embeddable":true,"href":"https:\/\/www.europesays.com\/se\/wp-json\/wp\/v2\/media\/357435"}],"wp:attachment":[{"href":"https:\/\/www.europesays.com\/se\/wp-json\/wp\/v2\/media?parent=357434"}],"wp:term":[{"taxonomy":"category","embeddable":true,"href":"https:\/\/www.europesays.com\/se\/wp-json\/wp\/v2\/categories?post=357434"},{"taxonomy":"post_tag","embeddable":true,"href":"https:\/\/www.europesays.com\/se\/wp-json\/wp\/v2\/tags?post=357434"}],"curies":[{"name":"wp","href":"https:\/\/api.w.org\/{rel}","templated":true}]}}