{"id":357450,"date":"2026-08-29T22:54:10","date_gmt":"2026-08-29T22:54:10","guid":{"rendered":"https:\/\/www.europesays.com\/se\/357450\/"},"modified":"2026-08-29T22:54:10","modified_gmt":"2026-08-29T22:54:10","slug":"vaderprognos-regn-overallt-flera-lagtryck-samtidigt-i-sverige","status":"publish","type":"post","link":"https:\/\/www.europesays.com\/se\/357450\/","title":{"rendered":"V\u00e4derprognos: Regn \u00f6verallt \u2013 flera l\u00e5gtryck samtidigt i Sverige"},"content":{"rendered":"<p>Uppdaterad 29 aug 2026 kl 23.05Publicerad 29 aug 2026 kl 20.52<\/p>\n<p>Regn, regn och \u00e5ter regn.\u00a0<\/p>\n<p>Prognosen ser dyster ut f\u00f6r den som gillar sol.\u00a0<\/p>\n<p>\u2013 Lite tr\u00e5kv\u00e4der skulle man kunna s\u00e4ga. Samtidigt \u00e4r det v\u00e4lbeh\u00f6vligt n\u00e4r vi haft ganska torrt, s\u00e4ger Angelica Lundberg, meteorolog hos SMHI.\u00a0<\/p>\n<p>Senaste nyhetsklippen fr\u00e5n Expressen.<img   alt=\"\"\/><\/p>\n<p>Det kommer att regna rej\u00e4lt \u00f6ver Sverige den kommande veckan.<\/p>\n<p>Foto: Magnus Liljegren \/ Stella Pictures<\/p>\n<p>\u00d6ppna bild i helsk\u00e4rm<img loading=\"lazy\"   alt=\"\"\/><\/p>\n<p>I Stockholmsregionen v\u00e4ntar regn mer eller mindre i tio dagar.<\/p>\n<p>Foto: Henrik Montgomery\/TT<\/p>\n<p>\u00d6ppna bild i helsk\u00e4rm<\/p>\n<p>Ett ov\u00e4der med kraftig \u00e5ska drog in \u00f6ver V\u00e4stkusten under fredagen, vilket bland annat tvingade Swedish House Mafia att st\u00e4lla in sin konsert p\u00e5 Ullevi. Och under l\u00f6rdagen har regnrusket fortsatt.\u00a0<\/p>\n<p>Just nu r\u00f6r sig flera l\u00e5gtryck \u00f6ver landet. Ett omr\u00e5de med skurar har dragit in \u00f6ver V\u00e4stkusten och r\u00f6r sig upp mot V\u00e4rmland.<\/p>\n<p>Generellt v\u00e4ntas temperaturer p\u00e5 15\u201320 grader i s\u00f6der och omkring 15 grader i norr.<\/p>\n<p>\u2013 Vi har allm\u00e4nt ganska ostadigt v\u00e4der. Vi har ett l\u00e5gtrycksomr\u00e5de som t\u00e4cker st\u00f6rre delen av Skandinavien och fronter som r\u00f6r sig norrut. Det blir tidvis regn eller skurar som kan vara lite kraftigare. Det kan \u00e4ven bli \u00e5ska lokalt och tidvis bl\u00e5sigt med friska eller till och med h\u00e5rda vindbyar, s\u00e4ger Angelica Lundberg, meteorolog hos <a href=\"https:\/\/www.expressen.se\/tagg\/organization\/smhi\/\" class=\"\" rel=\"nofollow noopener\" target=\"_blank\">SMHI<\/a>.<\/p>\n<p>\u2013 Men det positiva, h\u00f6ll jag p\u00e5 att s\u00e4ga, \u00e4r att det ju inte \u00e4r j\u00e4ttekallt \u00e4nd\u00e5. Det \u00e4r fortfarande ganska milt.<\/p>\n<p>Rullar p\u00e5 med l\u00e5gtryck<\/p>\n<p>Det ostadiga v\u00e4dret forts\u00e4tter \u00e4ven under n\u00e4sta vecka. Prognosen f\u00f6r Stockholmsregionen i SMHI:s app visar till exempel p\u00e5 regn varje dag i tio dagar.\u00a0<\/p>\n<p>\u2013 Det rullar p\u00e5 med l\u00e5gtryck fr\u00e5n sydv\u00e4st. Det forts\u00e4tter nu under helgen och \u00e4ven in i n\u00e4sta vecka. S\u00e5 det \u00e4r det h\u00e4r ostadiga v\u00e4derl\u00e4get. Det \u00e4r den regimen vi har just nu.<\/p>\n<p>Och hela landet kommer att f\u00e5 regn i omg\u00e5ngar, men var det faller mest g\u00e5r inte att s\u00e4ga.<\/p>\n<p>\u2013 Det kommer i omg\u00e5ngar \u00f6ver i stort sett hela landet, s\u00e4ger Angelica Lundberg.<\/p>\n<p><strong>\u00c4r det l\u00e4ge f\u00f6r varningar?<\/strong><\/p>\n<p>\u2013 Nej. Inget s\u00e5dant. Det kan absolut bli tidvis kraftigare skurar, men inget som ser ut att n\u00e5 varningsniv\u00e5 nu.<\/p>\n<p>En liten solglimt<\/p>\n<p>Under mitten av n\u00e4sta vecka ser det dock ut att bli en liten respit i regnandet \u2013 innan det kommer tillbaka fram\u00e5t n\u00e4sta helg.<\/p>\n<p>\u2013 Kanske f\u00e5r vi en liten stabilisering fram\u00e5t tisdag\u2013onsdag, men v\u00e4ldigt kortvarig. Det blir lite mindre skurar och p\u00e5 tisdagen ser det i nul\u00e4get ut att bli r\u00e4tt s\u00e5 bra i Svealand och s\u00f6dra Norrland, med uppeh\u00e5ll och att man eventuellt kommer upp i 20 grader igen. Men sedan ser det ut att bli ostadigt igen under veckoslutet.<\/p>\n","protected":false},"excerpt":{"rendered":"Uppdaterad 29 aug 2026 kl 23.05Publicerad 29 aug 2026 kl 20.52 Regn, regn och \u00e5ter regn.\u00a0 Prognosen ser&hellip;\n","protected":false},"author":2,"featured_media":357451,"comment_status":"","ping_status":"","sticky":false,"template":"","format":"standard","meta":{"footnotes":"","_share_on_mastodon":"0"},"categories":[12],"tags":[22,23,26,27,17,21,24,25,28,29,15,16,18,34,842,31,33,32,30,19,20,693,23013],"class_list":["post-357450","post","type-post","status-publish","format-standard","has-post-thumbnail","category-sverige","tag-breaking-news","tag-breakingnews","tag-featured-news","tag-featurednews","tag-headlines","tag-huvudnyheter","tag-latest-news","tag-latestnews","tag-main-news","tag-mainnews","tag-news","tag-nyheter","tag-rubriker","tag-se","tag-smhi","tag-svenska","tag-sverige","tag-sweden","tag-swedish","tag-top-stories","tag-topstories","tag-vader","tag-vaderprognos"],"share_on_mastodon":{"url":"https:\/\/pubeurope.com\/@se\/117181262426089304","error":""},"_links":{"self":[{"href":"https:\/\/www.europesays.com\/se\/wp-json\/wp\/v2\/posts\/357450","targetHints":{"allow":["GET"]}}],"collection":[{"href":"https:\/\/www.europesays.com\/se\/wp-json\/wp\/v2\/posts"}],"about":[{"href":"https:\/\/www.europesays.com\/se\/wp-json\/wp\/v2\/types\/post"}],"author":[{"embeddable":true,"href":"https:\/\/www.europesays.com\/se\/wp-json\/wp\/v2\/users\/2"}],"replies":[{"embeddable":true,"href":"https:\/\/www.europesays.com\/se\/wp-json\/wp\/v2\/comments?post=357450"}],"version-history":[{"count":0,"href":"https:\/\/www.europesays.com\/se\/wp-json\/wp\/v2\/posts\/357450\/revisions"}],"wp:featuredmedia":[{"embeddable":true,"href":"https:\/\/www.europesays.com\/se\/wp-json\/wp\/v2\/media\/357451"}],"wp:attachment":[{"href":"https:\/\/www.europesays.com\/se\/wp-json\/wp\/v2\/media?parent=357450"}],"wp:term":[{"taxonomy":"category","embeddable":true,"href":"https:\/\/www.europesays.com\/se\/wp-json\/wp\/v2\/categories?post=357450"},{"taxonomy":"post_tag","embeddable":true,"href":"https:\/\/www.europesays.com\/se\/wp-json\/wp\/v2\/tags?post=357450"}],"curies":[{"name":"wp","href":"https:\/\/api.w.org\/{rel}","templated":true}]}}