{"id":357488,"date":"2026-08-30T00:07:28","date_gmt":"2026-08-30T00:07:28","guid":{"rendered":"https:\/\/www.europesays.com\/se\/357488\/"},"modified":"2026-08-30T00:07:28","modified_gmt":"2026-08-30T00:07:28","slug":"tido-domda-ska-inte-fa-tjana-pengar-pa-musik-2","status":"publish","type":"post","link":"https:\/\/www.europesays.com\/se\/357488\/","title":{"rendered":"Tid\u00f6: D\u00f6mda ska inte f\u00e5 tj\u00e4na pengar p\u00e5 musik"},"content":{"rendered":"<p>   <img alt=\"Justitieminister Gunnar Str\u00f6mmer och Martin Melin (L) under en presstr\u00e4ff i v\u00e5ras.\" class=\"_image_1jxax_84 layout-component layout-wide\" data-fullscreen- data-track-element-type=\"Article image fullscreen\" data-track-name=\"ImageFullscreen\" fetchpriority=\"high\" decoding=\"sync\" loading=\"eager\" height=\"3712\" itemprop=\"image\"  src=\"https:\/\/www.europesays.com\/se\/wp-content\/uploads\/2026\/08\/1788048448_310_517e5380-ab97-3407-871d-f9108aac9a83.jpeg\"  style=\"object-position:0% 0%\" width=\"5568\"\/>Justitieminister Gunnar Str\u00f6mmer och Martin Melin (L) under en presstr\u00e4ff i v\u00e5ras.  Foto: Lars Schr\u00f6der\/TTVisa mer<\/p>\n<p class=\"_textTheme_4io5p_1 _lead_16k26_2 _lead_3ue4t_18 layout-component layout-normal layout-padded _lead_o6m9k_5 _leadTheme_cypwp_1 body-large bold\">Tid\u00f6partierna vill stoppa personer med kriminell bakgrund fr\u00e5n att tj\u00e4na pengar p\u00e5 musik eller b\u00f6cker om sin brottslighet.<\/p>\n<p class=\"_textTheme_4io5p_1 _lead_16k26_2 _lead_3ue4t_18 layout-component layout-normal layout-padded _lead_o6m9k_5 _leadTheme_cypwp_1 body-large bold\">\u2013 Man tj\u00e4nar v\u00e4ldigt mycket pengar p\u00e5 att exploatera brottslighet som andra, v\u00e4ldigt s\u00e5rbara m\u00e4nniskor utsatts f\u00f6r, s\u00e4ger justitieminister Gunnar Str\u00f6mmer (M).<\/p>\n<p class=\"_textTheme_4io5p_1 _paragraph_16k26_4 _paragraph_3ue4t_27 layout-component layout-normal layout-padded body-medium\">Regeringen har nyligen tillsatt en utredning om s\u00e4rlagstiftning f\u00f6r g\u00e4ngkriminella. Det handlar om att \u201dr\u00f6dflagga\u201d brottslingar fr\u00e5n bland annat bidrag och positioner i f\u00f6retag.<\/p>\n<p class=\"_textTheme_4io5p_1 _paragraph_16k26_4 _paragraph_3ue4t_27 layout-component layout-normal layout-padded body-medium\">Men det r\u00e4cker inte, enligt justitieminister Gunnar Str\u00f6mmer (M) och riksdagsledam\u00f6terna Henrik Vinge (SD), Christian Carlsson (KD) och Martin Melin (L).<\/p>\n<p class=\"_textTheme_4io5p_1 _paragraph_16k26_4 _paragraph_3ue4t_27 layout-component layout-normal layout-padded body-medium\">\u201dUnder senare \u00e5r har vi sett hur personer med en kriminell bakgrund i vissa fall kunnat bygga karri\u00e4rer och tj\u00e4na stora pengar p\u00e5 att skildra sin egen brottslighet\u201d, skriver de p\u00e5 <a href=\"https:\/\/www.aftonbladet.se\/debatt\/a\/JOqMwm\/tidopartierna-inte-rimligt-att-bli-rik-pa-att-rappa-om-mordkarriaren\" class=\"_link_16k26_32\" rel=\"nofollow noopener\" target=\"_blank\">Aftonbladets debattsida<\/a> och n\u00e4mner musik, b\u00f6cker och dokument\u00e4rer.<\/p>\n<p> Begr\u00e4nsning av yttrandefrihet <\/p>\n<p class=\"_textTheme_4io5p_1 _paragraph_16k26_4 _paragraph_3ue4t_27 layout-component layout-normal layout-padded body-medium\">Utredningen ska d\u00e4rf\u00f6r se hur s\u00e5dana inkomster ska kunna g\u00e5 till brottsoffer i st\u00e4llet.<\/p>\n<p class=\"_textTheme_4io5p_1 _paragraph_16k26_4 _paragraph_3ue4t_27 layout-component layout-normal layout-padded body-medium\">Gunnar Str\u00f6mmer p\u00e5pekar att det inte handlar om att f\u00f6rbjuda musiken eller litteraturen som s\u00e5dan, utan m\u00f6jligheten att g\u00f6ra pengar p\u00e5 den. Men han medger att det blir sv\u00e5rt att f\u00f6rverka en kommersiell vinst fr\u00e5n exempelvis en bokutgivning utan att det krymper den grundlagsf\u00e4sta yttrandefriheten.<\/p>\n<p class=\"_textTheme_4io5p_1 _paragraph_16k26_4 _paragraph_3ue4t_27 layout-component layout-normal layout-padded body-medium\">\u2013 Det r\u00e5der ingen tvekan om att det h\u00e4r skulle vara en begr\u00e4nsning i yttrandefriheten. Det handlar om att hitta en balans mellan m\u00e5l och medel, s\u00e4ger han.<\/p>\n<p> Gr\u00e4nsdragningar <\/p>\n<p class=\"_textTheme_4io5p_1 _paragraph_16k26_4 _paragraph_3ue4t_27 layout-component layout-normal layout-padded body-medium\">Det blir utredarens sak att reda ut fr\u00e5gor som var gr\u00e4nsen f\u00f6r vinst ska dras och vilka typer av brott som inte ska f\u00e5 kommersialiseras.<\/p>\n<p class=\"_textTheme_4io5p_1 _paragraph_16k26_4 _paragraph_3ue4t_27 layout-component layout-normal layout-padded body-medium\">\u2013 V\u00e5r utg\u00e5ngspunkt \u00e4r ju att det ska handla om framf\u00f6r allt grova v\u00e5ldsbrott kopplade till g\u00e4ngkriminalitet. Man kan ocks\u00e5 t\u00e4nka sig annan allvarlig brottslighet som grova sexualbrott, s\u00e4ger Str\u00f6mmer.<\/p>\n","protected":false},"excerpt":{"rendered":"Justitieminister Gunnar Str\u00f6mmer och Martin Melin (L) under en presstr\u00e4ff i v\u00e5ras. Foto: Lars Schr\u00f6der\/TTVisa mer Tid\u00f6partierna vill&hellip;\n","protected":false},"author":2,"featured_media":357489,"comment_status":"","ping_status":"","sticky":false,"template":"","format":"standard","meta":{"footnotes":"","_share_on_mastodon":"0"},"categories":[5],"tags":[22,23,26,27,17,21,1107,24,25,639,28,29,551,15,16,18,34,31,33,617,32,30,19,20],"class_list":["post-357488","post","type-post","status-publish","format-standard","has-post-thumbnail","category-rubriker","tag-breaking-news","tag-breakingnews","tag-featured-news","tag-featurednews","tag-headlines","tag-huvudnyheter","tag-kristdemokraterna","tag-latest-news","tag-latestnews","tag-liberalerna","tag-main-news","tag-mainnews","tag-moderaterna","tag-news","tag-nyheter","tag-rubriker","tag-se","tag-svenska","tag-sverige","tag-sverigedemokraterna","tag-sweden","tag-swedish","tag-top-stories","tag-topstories"],"share_on_mastodon":{"url":"https:\/\/pubeurope.com\/@se\/117181549701539825","error":""},"_links":{"self":[{"href":"https:\/\/www.europesays.com\/se\/wp-json\/wp\/v2\/posts\/357488","targetHints":{"allow":["GET"]}}],"collection":[{"href":"https:\/\/www.europesays.com\/se\/wp-json\/wp\/v2\/posts"}],"about":[{"href":"https:\/\/www.europesays.com\/se\/wp-json\/wp\/v2\/types\/post"}],"author":[{"embeddable":true,"href":"https:\/\/www.europesays.com\/se\/wp-json\/wp\/v2\/users\/2"}],"replies":[{"embeddable":true,"href":"https:\/\/www.europesays.com\/se\/wp-json\/wp\/v2\/comments?post=357488"}],"version-history":[{"count":0,"href":"https:\/\/www.europesays.com\/se\/wp-json\/wp\/v2\/posts\/357488\/revisions"}],"wp:featuredmedia":[{"embeddable":true,"href":"https:\/\/www.europesays.com\/se\/wp-json\/wp\/v2\/media\/357489"}],"wp:attachment":[{"href":"https:\/\/www.europesays.com\/se\/wp-json\/wp\/v2\/media?parent=357488"}],"wp:term":[{"taxonomy":"category","embeddable":true,"href":"https:\/\/www.europesays.com\/se\/wp-json\/wp\/v2\/categories?post=357488"},{"taxonomy":"post_tag","embeddable":true,"href":"https:\/\/www.europesays.com\/se\/wp-json\/wp\/v2\/tags?post=357488"}],"curies":[{"name":"wp","href":"https:\/\/api.w.org\/{rel}","templated":true}]}}