{"id":357500,"date":"2026-08-30T01:23:25","date_gmt":"2026-08-30T01:23:25","guid":{"rendered":"https:\/\/www.europesays.com\/se\/357500\/"},"modified":"2026-08-30T01:23:25","modified_gmt":"2026-08-30T01:23:25","slug":"kallor-ryssland-forlorar-6-000-fler-soldater-an-de-rekryterar-per-manad","status":"publish","type":"post","link":"https:\/\/www.europesays.com\/se\/357500\/","title":{"rendered":"K\u00e4llor: Ryssland f\u00f6rlorar 6\u00a0000 fler soldater \u00e4n de rekryterar per m\u00e5nad"},"content":{"rendered":"<p>Av Hedda Hallsenius<br \/>Publicerad: 28 aug.<\/p>\n<p>Varje m\u00e5nad d\u00f6r omkring 6\u202f000 fler ryska soldater i kriget mot Ukraina \u00e4n vad arm\u00e9n kan rekrytera, uppger h\u00f6gt uppsatta v\u00e4sterl\u00e4ndska k\u00e4llor f\u00f6r The Guardian.<\/p>\n<p>\u2013 Putins svar p\u00e5 detta har varit att sj\u00e4lv eskalera och rikta attacker mot civil infrastruktur och civilpersoner i Ukraina, s\u00e4ger en k\u00e4lla.<\/p>\n<p>Cirka 1\u202f000 soldater om dagen rekryteras i nul\u00e4get till den ryska milit\u00e4ren. Men under de senaste tv\u00e5 m\u00e5naderna har det inte varit tillr\u00e4ckligt f\u00f6r att ers\u00e4tta de soldater som stupat eller skadats.<\/p>\n<p>Ytterligare mobilisering i Ryssland ber\u00e4knas enligt k\u00e4llorna vara en stor politisk och ekonomisk risk.<\/p>\n<p>Omni \u00e4r politiskt obundna och oberoende. Vi str\u00e4var efter att ge fler perspektiv p\u00e5 nyheterna. Har du fr\u00e5gor eller synpunkter kring v\u00e5r rapportering? <a href=\"https:\/\/omni.se\/kallor-ryssland-forlorar-6000-fler-soldater-an-de-rekryterar-per-manad\/a\/mailto:redaktion@omni.se\" class=\"ArticleActions-module-scss-module__w9u9BG__contactLink\" rel=\"nofollow noopener\" target=\"_blank\">Kontakta redaktionen<\/a><\/p>\n","protected":false},"excerpt":{"rendered":"Av Hedda HallseniusPublicerad: 28 aug. Varje m\u00e5nad d\u00f6r omkring 6\u202f000 fler ryska soldater i kriget mot Ukraina \u00e4n&hellip;\n","protected":false},"author":2,"featured_media":357501,"comment_status":"","ping_status":"","sticky":false,"template":"","format":"standard","meta":{"footnotes":"","_share_on_mastodon":"0"},"categories":[14],"tags":[22,23,267,26,27,17,21,24,25,28,29,15,16,18,269,264,34,31,33,32,30,19,20,263,51,52,53,54],"class_list":["post-357500","post","type-post","status-publish","format-standard","has-post-thumbnail","category-varlden","tag-breaking-news","tag-breakingnews","tag-europa","tag-featured-news","tag-featurednews","tag-headlines","tag-huvudnyheter","tag-latest-news","tag-latestnews","tag-main-news","tag-mainnews","tag-news","tag-nyheter","tag-rubriker","tag-ryska-invasionen","tag-ryssland","tag-se","tag-svenska","tag-sverige","tag-sweden","tag-swedish","tag-top-stories","tag-topstories","tag-ukraina","tag-varlden","tag-world","tag-world-news","tag-worldnews"],"share_on_mastodon":{"url":"https:\/\/pubeurope.com\/@se\/117181848140216683","error":""},"_links":{"self":[{"href":"https:\/\/www.europesays.com\/se\/wp-json\/wp\/v2\/posts\/357500","targetHints":{"allow":["GET"]}}],"collection":[{"href":"https:\/\/www.europesays.com\/se\/wp-json\/wp\/v2\/posts"}],"about":[{"href":"https:\/\/www.europesays.com\/se\/wp-json\/wp\/v2\/types\/post"}],"author":[{"embeddable":true,"href":"https:\/\/www.europesays.com\/se\/wp-json\/wp\/v2\/users\/2"}],"replies":[{"embeddable":true,"href":"https:\/\/www.europesays.com\/se\/wp-json\/wp\/v2\/comments?post=357500"}],"version-history":[{"count":0,"href":"https:\/\/www.europesays.com\/se\/wp-json\/wp\/v2\/posts\/357500\/revisions"}],"wp:featuredmedia":[{"embeddable":true,"href":"https:\/\/www.europesays.com\/se\/wp-json\/wp\/v2\/media\/357501"}],"wp:attachment":[{"href":"https:\/\/www.europesays.com\/se\/wp-json\/wp\/v2\/media?parent=357500"}],"wp:term":[{"taxonomy":"category","embeddable":true,"href":"https:\/\/www.europesays.com\/se\/wp-json\/wp\/v2\/categories?post=357500"},{"taxonomy":"post_tag","embeddable":true,"href":"https:\/\/www.europesays.com\/se\/wp-json\/wp\/v2\/tags?post=357500"}],"curies":[{"name":"wp","href":"https:\/\/api.w.org\/{rel}","templated":true}]}}