{"id":357586,"date":"2026-08-30T04:55:29","date_gmt":"2026-08-30T04:55:29","guid":{"rendered":"https:\/\/www.europesays.com\/se\/357586\/"},"modified":"2026-08-30T04:55:29","modified_gmt":"2026-08-30T04:55:29","slug":"aik-bygger-nytt-och-siktar-pa-ny-derbyseger","status":"publish","type":"post","link":"https:\/\/www.europesays.com\/se\/357586\/","title":{"rendered":"AIK bygger nytt och siktar p\u00e5 ny derbyseger"},"content":{"rendered":"<p>  <img alt=\"Linus Carlstrand har f\u00e5tt en succ\u00e9start i AIK med fyra m\u00e5l de tv\u00e5 senaste matcherna.\" class=\"_image_1jxax_84 layout-component layout-wide\" data-fullscreen- data-track-element-type=\"Article image fullscreen\" data-track-name=\"ImageFullscreen\" fetchpriority=\"high\" decoding=\"sync\" loading=\"eager\" height=\"1685\" itemprop=\"image\"  src=\"https:\/\/www.europesays.com\/se\/wp-content\/uploads\/2026\/08\/b98c5627-060d-3441-b2f7-5d867ac719d7.jpeg\"  style=\"object-position:51.163249211356465% 50%\" width=\"2536\"\/>Linus Carlstrand har f\u00e5tt en succ\u00e9start i AIK med fyra m\u00e5l de tv\u00e5 senaste matcherna.  Foto: Adam Ihse\/TTVisa mer<\/p>\n<p class=\"_textTheme_zldsx_1 _lead_16k26_2 _lead_3ue4t_18 layout-component layout-normal layout-padded _lead_o6m9k_5 _leadTheme_1q6sv_1 body-large bold\">Linus Carlstrand, 21 \u00e5r, och Wilmer Olofsson, 20 \u00e5r, representerar det nya unga AIK. Allsvenskans n\u00e4st b\u00e4sta lag g\u00e5r igenom en remarkabel f\u00f6r\u00e4ndring.\u00a0 \u201dVi ska ut och g\u00f6ra v\u00e5r grej\u201d, s\u00e4ger Carlstrand.\u00a0<\/p>\n<p><a class=\"_link_1lr5y_108\" href=\"https:\/\/www.svd.se\/av\/anders-lindblad\" title=\"Anders Lindblad\" rel=\"nofollow noopener\" target=\"_blank\"><img alt=\"Bild av Anders Lindblad\" class=\"_image_1lr5y_85\" fetchpriority=\"low\" decoding=\"async\" itemprop=\"image\" loading=\"lazy\"  src=\"https:\/\/www.europesays.com\/se\/wp-content\/uploads\/2026\/08\/1788065728_665_19f1808e-41ec-47e8-9c68-680315682dd4.png\"  width=\"480\"\/><\/a>          <\/p>\n<p class=\"_textTheme_zldsx_1 _paragraph_16k26_4 _paragraph_3ue4t_27 layout-component layout-normal layout-padded body-medium\">Det bl\u00e5ser positiva vindar p\u00e5 AIK:s tr\u00e4ningsanl\u00e4ggning Karlberg. Ekonomin har f\u00f6rb\u00e4ttrats radikalt efter flera f\u00f6rs\u00e4ljningar och truppen har f\u00f6ryngrats kraftigt under s\u00e4songen. Huvudtr\u00e4naren Jos\u00e9 Riveiro v\u00e5gar ocks\u00e5 sl\u00e4ppa fram \u201dungtupparna\u201d i skarpt l\u00e4ge.<\/p>\n<p class=\"_textTheme_zldsx_1 _paragraph_16k26_4 _paragraph_3ue4t_27 layout-component layout-normal layout-padded body-medium\">\u2013 Vi \u00e4r en v\u00e4ldigt bra grupp. H\u00e4r har jag k\u00e4nt mig trygg fr\u00e5n b\u00f6rjan. Alla har varit v\u00e4ldigt inbjudande, vi \u00e4r som en stor familj. N\u00e4r man k\u00e4nner sig trygg som spelare f\u00e5r man ett annat lugn, s\u00e4ger sommarens succ\u00e9f\u00f6rv\u00e4rv Linus Carlstrand.<\/p>\n<p class=\"_textTheme_zldsx_1 _paragraph_16k26_4 _paragraph_3ue4t_27 layout-component layout-normal layout-padded body-medium\">21-\u00e5ringen, som h\u00e4mtades fr\u00e5n \u00d6ster f\u00f6r en m\u00e5nad sedan, har f\u00e5tt en smakstart i Gnaget med fyra m\u00e5l och en assist de tv\u00e5 senaste matcherna. Nu vill han bli derbyhj\u00e4lte p\u00e5 nytt, precis som mot Djurg\u00e5rden f\u00f6r tv\u00e5 veckor sedan.<\/p>\n<p class=\"_textTheme_zldsx_1 _paragraph_16k26_4 _paragraph_3ue4t_27 layout-component layout-normal layout-padded body-medium\">\u2013 Det ska bli skitkul. Det \u00e4r de h\u00e4r matcherna man ser fram emot som fotbollsspelare. Hammarby \u00e4r ett skickligt lag med m\u00e5nga duktiga spelare, men vi ska ut och g\u00f6ra v\u00e5r grej. Vara hundraprocentiga, springa och k\u00e4mpa f\u00f6r varandra, spela v\u00e5rt spel och ta vara p\u00e5 bollen n\u00e4r vi har den, s\u00e4ger han.\u00a0<\/p>\n<p> Nyf\u00f6rv\u00e4rvet inte spelklar <\/p>\n<p class=\"_textTheme_zldsx_1 _paragraph_16k26_4 _paragraph_3ue4t_27 layout-component layout-normal layout-padded body-medium\">Den allsvenska s\u00e4songen har varit h\u00e4ndelserik, minst sagt, i AIK. Rekordf\u00f6rs\u00e4ljningen av Zadok Yohanna \u2013 f\u00f6r 300 miljoner kronor till Brighton \u2013 har gjort det m\u00f6jligt att bygga om strukturen i truppen och satsa fram\u00e5t p\u00e5 ett helt annat s\u00e4tt \u00e4n tidigare. F\u00f6r ett par dagar sedan v\u00e4rvades den landslagsmeriterade chilenaren Lucas Assadi, 22 \u00e5r, f\u00f6r cirka 25 miljoner kronor. <\/p>\n<p class=\"_textTheme_zldsx_1 _paragraph_16k26_4 _paragraph_3ue4t_27 layout-component layout-normal layout-padded body-medium\">Assadi hinner dock inte bli spelklar till s\u00f6ndagens stekheta derby p\u00e5 Strawberry, men kommer att bli en stark f\u00f6rst\u00e4rkning under h\u00f6sten.\u00a0<\/p>\n<p class=\"_textTheme_zldsx_1 _paragraph_16k26_4 _paragraph_3ue4t_27 layout-component layout-normal layout-padded body-medium\">Efter derbysegern mot Djurg\u00e5rden p\u00e5 bortaplan senast vill AIK nu s\u00e4tta k\u00e4ppar i hjulet f\u00f6r Hammarbys guldjakt. N\u00e4r lagen m\u00f6ttes i maj p\u00e5 3Arena tog AIK hem segern med 2\u20131. Statistiken visar ocks\u00e5 att AIK \u00e4r b\u00e4ttre borta \u00e4n hemma i \u00e5r, bara tre segrar mot fyra f\u00f6rluster p\u00e5 Nationalarenan. Samtidigt \u00e4r Hammarby betydligt b\u00e4ttre hemma \u00e4n borta, endast elva po\u00e4ng p\u00e5 \u00e5tta bortamatcher.\u00a0<\/p>\n<p class=\"_textTheme_zldsx_1 _paragraph_16k26_4 _paragraph_3ue4t_27 layout-component layout-normal layout-padded body-medium\">N\u00e4r AIK besegrade Djurg\u00e5rden fanns sex spelare i startelvan som \u00e4r 21 \u00e5r eller yngre. P\u00e5 b\u00e4nken fanns dessutom ytterligare sex stycken i motsvarade \u00e5lderspann. Alla skador i truppen har snabbat p\u00e5 generationsv\u00e4xlingen.<\/p>\n<p> Litar blint p\u00e5 tr\u00e4naren  <\/p>\n<p class=\"_textTheme_zldsx_1 _paragraph_16k26_4 _paragraph_3ue4t_27 layout-component layout-normal layout-padded body-medium\">Wilmer Olofsson, 20 \u00e5r, \u00f6vertygade stort i mittf\u00f6rsvaret i derbyt p\u00e5 3Arena och \u00e4r en av alla unga spelare som snabbt tagit chansen n\u00e4r han f\u00e5tt den. Olofsson \u00e4r efter en utl\u00e5ning till norska Moss tillbaka i f\u00f6reningen d\u00e4r han inledde karri\u00e4ren och g\u00e5tt igenom alla ungdomsled. Nu hoppas han f\u00e5 nytt f\u00f6rtroende av Jos\u00e9 Riveiro.<\/p>\n<p> <img alt=\"AIK-tr\u00e4naren Jos\u00e9 Riveiro v\u00e5gar sl\u00e4ppa fram unga spelare i hetluften.\" class=\"_image_1jxax_84 layout-component layout-normal\" data-fullscreen- data-track-element-type=\"Article image fullscreen\" data-track-name=\"ImageFullscreen\" decoding=\"async\" loading=\"lazy\" height=\"3425\" itemprop=\"image\"  src=\"https:\/\/www.europesays.com\/se\/wp-content\/uploads\/2026\/08\/9d433d41-ee80-3cd5-95f5-bc10eb06ec57.jpeg\"  style=\"object-position:38.6470078057242% 42.408759124087595%\" width=\"5765\"\/>AIK-tr\u00e4naren Jos\u00e9 Riveiro v\u00e5gar sl\u00e4ppa fram unga spelare i hetluften. Foto: Andreas Hillergren\/TTVisa mer <\/p>\n<p class=\"_textTheme_zldsx_1 _paragraph_16k26_4 _paragraph_3ue4t_27 layout-component layout-normal layout-padded body-medium\">\u2013 Han (Riveiro) hj\u00e4lper oss v\u00e4ldigt mycket och visar stor tillit till oss spelare. Vi tror p\u00e5 spelid\u00e9n, litar blint p\u00e5 honom. Det spelar ingen roll om vi kommer med \u00e4ldsta eller yngsta truppen. Han s\u00e4ger att han \u00e4r stolt \u00f6ver oss, det g\u00f6r oss lugnare, s\u00e4ger Wilmer Olofsson som den g\u00e5ngna veckan ocks\u00e5 gjorde sitt f\u00f6rsta m\u00e5l i AIK som senior, i cupmatchen mot Pite\u00e5.<\/p>\n<p class=\"_textTheme_zldsx_1 _paragraph_16k26_4 _paragraph_3ue4t_27 layout-component layout-normal layout-padded body-medium\"><strong class=\"_strong_16k26_20\">Har ni en f\u00f6rdel av att m\u00e5nga i truppen vuxit upp i AIK?<\/strong><\/p>\n<p class=\"_textTheme_zldsx_1 _paragraph_16k26_4 _paragraph_3ue4t_27 layout-component layout-normal layout-padded body-medium\">\u2013 Klart att det finns vissa aspekter i det. Vi vet vad derbyn betyder fr\u00e5n unga \u00e5r, fr\u00e5n ungdomsakademin. Vi vet om rivaliteten. Men spelar man i AIK f\u00f6rst\u00e5r man inneb\u00f6rden av de h\u00e4r matcherna ganska snabbt och snappar upp allvaret i det.<\/p>\n<p class=\"_textTheme_zldsx_1 _paragraph_16k26_4 _paragraph_3ue4t_27 layout-component layout-normal layout-padded body-medium\"><strong class=\"_strong_16k26_20\">Vad blir avg\u00f6rande?<\/strong><\/p>\n<p class=\"_textTheme_zldsx_1 _paragraph_16k26_4 _paragraph_3ue4t_27 layout-component layout-normal layout-padded body-medium\">\u2013 Det handlar om inst\u00e4llningen, vilka som vill mest. Vi g\u00e5r in och spelar helt or\u00e4dda och obrydda \u2013 med samma inst\u00e4llning som mot Djurg\u00e5rden.\u00a0<\/p>\n","protected":false},"excerpt":{"rendered":"Linus Carlstrand har f\u00e5tt en succ\u00e9start i AIK med fyra m\u00e5l de tv\u00e5 senaste matcherna. Foto: Adam Ihse\/TTVisa&hellip;\n","protected":false},"author":2,"featured_media":357587,"comment_status":"","ping_status":"","sticky":false,"template":"","format":"standard","meta":{"footnotes":"","_share_on_mastodon":"0"},"categories":[5],"tags":[3711,159,22,23,26,27,17,21,24,25,28,29,15,16,18,34,31,33,32,30,19,20],"class_list":["post-357586","post","type-post","status-publish","format-standard","has-post-thumbnail","category-rubriker","tag-aik","tag-allsvenskan","tag-breaking-news","tag-breakingnews","tag-featured-news","tag-featurednews","tag-headlines","tag-huvudnyheter","tag-latest-news","tag-latestnews","tag-main-news","tag-mainnews","tag-news","tag-nyheter","tag-rubriker","tag-se","tag-svenska","tag-sverige","tag-sweden","tag-swedish","tag-top-stories","tag-topstories"],"share_on_mastodon":{"url":"https:\/\/pubeurope.com\/@se\/117182682274450143","error":""},"_links":{"self":[{"href":"https:\/\/www.europesays.com\/se\/wp-json\/wp\/v2\/posts\/357586","targetHints":{"allow":["GET"]}}],"collection":[{"href":"https:\/\/www.europesays.com\/se\/wp-json\/wp\/v2\/posts"}],"about":[{"href":"https:\/\/www.europesays.com\/se\/wp-json\/wp\/v2\/types\/post"}],"author":[{"embeddable":true,"href":"https:\/\/www.europesays.com\/se\/wp-json\/wp\/v2\/users\/2"}],"replies":[{"embeddable":true,"href":"https:\/\/www.europesays.com\/se\/wp-json\/wp\/v2\/comments?post=357586"}],"version-history":[{"count":0,"href":"https:\/\/www.europesays.com\/se\/wp-json\/wp\/v2\/posts\/357586\/revisions"}],"wp:featuredmedia":[{"embeddable":true,"href":"https:\/\/www.europesays.com\/se\/wp-json\/wp\/v2\/media\/357587"}],"wp:attachment":[{"href":"https:\/\/www.europesays.com\/se\/wp-json\/wp\/v2\/media?parent=357586"}],"wp:term":[{"taxonomy":"category","embeddable":true,"href":"https:\/\/www.europesays.com\/se\/wp-json\/wp\/v2\/categories?post=357586"},{"taxonomy":"post_tag","embeddable":true,"href":"https:\/\/www.europesays.com\/se\/wp-json\/wp\/v2\/tags?post=357586"}],"curies":[{"name":"wp","href":"https:\/\/api.w.org\/{rel}","templated":true}]}}