{"id":357658,"date":"2026-08-30T06:14:18","date_gmt":"2026-08-30T06:14:18","guid":{"rendered":"https:\/\/www.europesays.com\/se\/357658\/"},"modified":"2026-08-30T06:14:18","modified_gmt":"2026-08-30T06:14:18","slug":"a-traktor-voltade-tonaring-till-sjukhus","status":"publish","type":"post","link":"https:\/\/www.europesays.com\/se\/357658\/","title":{"rendered":"A-traktor voltade \u2013 ton\u00e5ring till sjukhus"},"content":{"rendered":"\n<p class=\"_textTheme_4io5p_1 _paragraph_16k26_4 _paragraph_3ue4t_27 layout-component layout-normal layout-padded body-medium\">En A-traktor har k\u00f6rt av v\u00e4gen och voltat i ett industriomr\u00e5de i Bor\u00e5s, skriver <a href=\"https:\/\/www.gp.se\/nyheter\/goteborg\/senaste-nyheterna-fran-goteborg-och-varlden.d4ea89e2-0587-4ff3-bc76-bd25a293050f?ifr-dir-postId=95d4708b-13eb-4fc8-a378-0fcc8b1cb34b\" class=\"_link_16k26_32\" rel=\"nofollow noopener\" target=\"_blank\">GP.<\/a><\/p>\n<p class=\"_textTheme_4io5p_1 _paragraph_16k26_4 _paragraph_3ue4t_27 layout-component layout-normal layout-padded body-medium\">A-traktorn ska ha k\u00f6rt i h\u00f6g hastighet.<\/p>\n<p class=\"_textTheme_4io5p_1 _paragraph_16k26_4 _paragraph_3ue4t_27 layout-component layout-normal layout-padded body-medium\">Tv\u00e5 16-\u00e5riga pojkar var inblandade och en av dem har f\u00f6rts till sjukhus. Han ska vara vaken och talbar.<\/p>\n<p class=\"_textTheme_4io5p_1 _paragraph_16k26_4 _paragraph_3ue4t_27 layout-component layout-normal layout-padded body-medium\">\u2013 Den andra personen som var passagerare har sprungit ifr\u00e5n bilen. Enligt vittnesuppgifter sprang han allt vad han hade, s\u00e4ger polisens presstalesperson Johan Jung till GP.<\/p>\n<p class=\"_textTheme_4io5p_1 _paragraph_16k26_4 _paragraph_3ue4t_27 layout-component layout-normal layout-padded body-medium\">F\u00f6raren \u00e4r misst\u00e4nkt f\u00f6r v\u00e5rdsl\u00f6shet i trafik och olovlig k\u00f6rning.<\/p>\n","protected":false},"excerpt":{"rendered":"En A-traktor har k\u00f6rt av v\u00e4gen och voltat i ett industriomr\u00e5de i Bor\u00e5s, skriver GP. A-traktorn ska ha&hellip;\n","protected":false},"author":2,"featured_media":357659,"comment_status":"","ping_status":"","sticky":false,"template":"","format":"standard","meta":{"footnotes":"","_share_on_mastodon":"0"},"categories":[12],"tags":[3002,22,23,26,27,17,21,24,25,28,29,15,16,18,34,31,33,32,30,19,20],"class_list":["post-357658","post","type-post","status-publish","format-standard","has-post-thumbnail","category-sverige","tag-boras","tag-breaking-news","tag-breakingnews","tag-featured-news","tag-featurednews","tag-headlines","tag-huvudnyheter","tag-latest-news","tag-latestnews","tag-main-news","tag-mainnews","tag-news","tag-nyheter","tag-rubriker","tag-se","tag-svenska","tag-sverige","tag-sweden","tag-swedish","tag-top-stories","tag-topstories"],"share_on_mastodon":{"url":"https:\/\/pubeurope.com\/@se\/117182992365172986","error":""},"_links":{"self":[{"href":"https:\/\/www.europesays.com\/se\/wp-json\/wp\/v2\/posts\/357658","targetHints":{"allow":["GET"]}}],"collection":[{"href":"https:\/\/www.europesays.com\/se\/wp-json\/wp\/v2\/posts"}],"about":[{"href":"https:\/\/www.europesays.com\/se\/wp-json\/wp\/v2\/types\/post"}],"author":[{"embeddable":true,"href":"https:\/\/www.europesays.com\/se\/wp-json\/wp\/v2\/users\/2"}],"replies":[{"embeddable":true,"href":"https:\/\/www.europesays.com\/se\/wp-json\/wp\/v2\/comments?post=357658"}],"version-history":[{"count":0,"href":"https:\/\/www.europesays.com\/se\/wp-json\/wp\/v2\/posts\/357658\/revisions"}],"wp:featuredmedia":[{"embeddable":true,"href":"https:\/\/www.europesays.com\/se\/wp-json\/wp\/v2\/media\/357659"}],"wp:attachment":[{"href":"https:\/\/www.europesays.com\/se\/wp-json\/wp\/v2\/media?parent=357658"}],"wp:term":[{"taxonomy":"category","embeddable":true,"href":"https:\/\/www.europesays.com\/se\/wp-json\/wp\/v2\/categories?post=357658"},{"taxonomy":"post_tag","embeddable":true,"href":"https:\/\/www.europesays.com\/se\/wp-json\/wp\/v2\/tags?post=357658"}],"curies":[{"name":"wp","href":"https:\/\/api.w.org\/{rel}","templated":true}]}}