{"id":357818,"date":"2026-08-30T09:28:45","date_gmt":"2026-08-30T09:28:45","guid":{"rendered":"https:\/\/www.europesays.com\/se\/357818\/"},"modified":"2026-08-30T09:28:45","modified_gmt":"2026-08-30T09:28:45","slug":"uppgifter-ryska-foretag-forbereder-for-mobilisering","status":"publish","type":"post","link":"https:\/\/www.europesays.com\/se\/357818\/","title":{"rendered":"Uppgifter: Ryska f\u00f6retag f\u00f6rbereder f\u00f6r mobilisering"},"content":{"rendered":"<p>Av Joel Malm\u00e9n<br \/>Publicerad: 28 aug.<\/p>\n<p>Stora ryska f\u00f6retag har beordrats att skriva listor p\u00e5 vilka anst\u00e4llda som \u00e4r undantagna fr\u00e5n mobilisering. Detta enligt VChK-OGPU, en rysk Telegramkanal som publicerar l\u00e4ckor, skriver oberoende Moscow Times.<\/p>\n<p>Kanalen h\u00e4nvisar till interna dokument fr\u00e5n Evraz, en av Rysslands st\u00f6rsta st\u00e5ltillverkare med \u00f6ver 70\u202f000 anst\u00e4llda.<\/p>\n<p>Kreml f\u00f6rnekar ih\u00e4rdigt att en ny mobilisering \u00e4r p\u00e5 g\u00e5ng. Underr\u00e4ttelsetj\u00e4nster i v\u00e4st misst\u00e4nker dock att det kan ske efter \u201dvalet\u201d till statsduman den 18 till 20 september. Ukrainas underr\u00e4ttelsetj\u00e4nst uppger att Ryssland planerar att mobilisera 600\u202f000 soldater f\u00f6re slutet av 2027.<\/p>\n<p>F\u00f6rra m\u00e5naden fl\u00f6g ryska bef\u00e4lhavare till Kaliningrad f\u00f6r att unders\u00f6ka beredskapen f\u00f6r en mobilisering, d\u00e4ribland planerna p\u00e5 kost, logi och vapen f\u00f6r soldaterna, enligt Wall Street Journals k\u00e4llor.<\/p>\n<p>Omni \u00e4r politiskt obundna och oberoende. Vi str\u00e4var efter att ge fler perspektiv p\u00e5 nyheterna. Har du fr\u00e5gor eller synpunkter kring v\u00e5r rapportering? <a href=\"https:\/\/omni.se\/uppgifter-ryska-foretag-forbereder-for-mobilisering\/a\/mailto:redaktion@omni.se\" class=\"ArticleActions-module-scss-module__w9u9BG__contactLink\" rel=\"nofollow noopener\" target=\"_blank\">Kontakta redaktionen<\/a><\/p>\n","protected":false},"excerpt":{"rendered":"Av Joel Malm\u00e9nPublicerad: 28 aug. Stora ryska f\u00f6retag har beordrats att skriva listor p\u00e5 vilka anst\u00e4llda som \u00e4r&hellip;\n","protected":false},"author":2,"featured_media":357819,"comment_status":"","ping_status":"","sticky":false,"template":"","format":"standard","meta":{"footnotes":"","_share_on_mastodon":"0"},"categories":[5],"tags":[22,23,267,26,27,17,21,24,25,28,29,15,16,18,269,264,34,31,33,32,30,19,20,263],"class_list":["post-357818","post","type-post","status-publish","format-standard","has-post-thumbnail","category-rubriker","tag-breaking-news","tag-breakingnews","tag-europa","tag-featured-news","tag-featurednews","tag-headlines","tag-huvudnyheter","tag-latest-news","tag-latestnews","tag-main-news","tag-mainnews","tag-news","tag-nyheter","tag-rubriker","tag-ryska-invasionen","tag-ryssland","tag-se","tag-svenska","tag-sverige","tag-sweden","tag-swedish","tag-top-stories","tag-topstories","tag-ukraina"],"share_on_mastodon":{"url":"https:\/\/pubeurope.com\/@se\/117183755373427816","error":""},"_links":{"self":[{"href":"https:\/\/www.europesays.com\/se\/wp-json\/wp\/v2\/posts\/357818","targetHints":{"allow":["GET"]}}],"collection":[{"href":"https:\/\/www.europesays.com\/se\/wp-json\/wp\/v2\/posts"}],"about":[{"href":"https:\/\/www.europesays.com\/se\/wp-json\/wp\/v2\/types\/post"}],"author":[{"embeddable":true,"href":"https:\/\/www.europesays.com\/se\/wp-json\/wp\/v2\/users\/2"}],"replies":[{"embeddable":true,"href":"https:\/\/www.europesays.com\/se\/wp-json\/wp\/v2\/comments?post=357818"}],"version-history":[{"count":0,"href":"https:\/\/www.europesays.com\/se\/wp-json\/wp\/v2\/posts\/357818\/revisions"}],"wp:featuredmedia":[{"embeddable":true,"href":"https:\/\/www.europesays.com\/se\/wp-json\/wp\/v2\/media\/357819"}],"wp:attachment":[{"href":"https:\/\/www.europesays.com\/se\/wp-json\/wp\/v2\/media?parent=357818"}],"wp:term":[{"taxonomy":"category","embeddable":true,"href":"https:\/\/www.europesays.com\/se\/wp-json\/wp\/v2\/categories?post=357818"},{"taxonomy":"post_tag","embeddable":true,"href":"https:\/\/www.europesays.com\/se\/wp-json\/wp\/v2\/tags?post=357818"}],"curies":[{"name":"wp","href":"https:\/\/api.w.org\/{rel}","templated":true}]}}