{"id":357866,"date":"2026-08-30T10:37:06","date_gmt":"2026-08-30T10:37:06","guid":{"rendered":"https:\/\/www.europesays.com\/se\/357866\/"},"modified":"2026-08-30T10:37:06","modified_gmt":"2026-08-30T10:37:06","slug":"dadgostars-krav-v-ska-sitta-i-en-s-ledd-regering","status":"publish","type":"post","link":"https:\/\/www.europesays.com\/se\/357866\/","title":{"rendered":"Dadgostars krav: V ska sitta i en S-ledd regering"},"content":{"rendered":"<p>Av Jesper Karlsson<br \/>Publicerad: 28 aug.<\/p>\n<p>V\u00e4nsterpartiets ledare Nooshi Dadgostar r\u00e4knar med att V hamnar i en S-ledd regering tillsammans med MP efter valet. Hon st\u00e5r fast vid kravet att V ska ing\u00e5 i varje regering som beh\u00f6ver partiets mandat.<\/p>\n<p>\u2013 Beh\u00f6ver en regering v\u00e5ra mandat ska vi sitta med i den, s\u00e4ger hon till TT.<\/p>\n<p>Magdalena Andersson har inte visat n\u00e5got intresse f\u00f6r att regera tillsammans med V och har kritiserat \u00e5terkommande avsl\u00f6janden om partif\u00f6retr\u00e4dare. Dadgostar tror dock att valresultatet kommer att tvinga S-ledaren att t\u00e4nka om.<\/p>\n<p>Just nu uppl\u00e5st f\u00f6r alla<\/p>\n<p>Om Tid\u00f6partierna vinner valet \u00e4r utfallet glasklart: Tid\u00f6partierna forts\u00e4tter att styra Sverige. Men vid f\u00f6rlust blir spelplanen vid\u00f6ppen och allt kan v\u00e4ndas upp och ner. H\u00e4r \u00e4r f\u00f6ruts\u00e4ttningarna i jakten p\u00e5 175 riksdagsmandat.<\/p>\n<p>L\u00e4s vidare med Omni Mer<\/p>\n<p>Omni \u00e4r politiskt obundna och oberoende. Vi str\u00e4var efter att ge fler perspektiv p\u00e5 nyheterna. Har du fr\u00e5gor eller synpunkter kring v\u00e5r rapportering? <a href=\"https:\/\/omni.se\/dadgostar-krav-v-ska-sitta-i-en-s-ledd-regering\/a\/mailto:redaktion@omni.se\" class=\"ArticleActions-module-scss-module__w9u9BG__contactLink\" rel=\"nofollow noopener\" target=\"_blank\">Kontakta redaktionen<\/a><\/p>\n","protected":false},"excerpt":{"rendered":"Av Jesper KarlssonPublicerad: 28 aug. V\u00e4nsterpartiets ledare Nooshi Dadgostar r\u00e4knar med att V hamnar i en S-ledd regering&hellip;\n","protected":false},"author":2,"featured_media":357867,"comment_status":"","ping_status":"","sticky":false,"template":"","format":"standard","meta":{"footnotes":"","_share_on_mastodon":"0"},"categories":[12],"tags":[22,23,26,27,17,21,24,25,2186,28,29,1234,15,2895,16,369,18,34,1557,31,33,32,30,19,20,3416,1406],"class_list":["post-357866","post","type-post","status-publish","format-standard","has-post-thumbnail","category-sverige","tag-breaking-news","tag-breakingnews","tag-featured-news","tag-featurednews","tag-headlines","tag-huvudnyheter","tag-latest-news","tag-latestnews","tag-magdalena-andersson","tag-main-news","tag-mainnews","tag-miljopartiet","tag-news","tag-nooshi-dadgostar","tag-nyheter","tag-politik","tag-rubriker","tag-se","tag-socialdemokraterna","tag-svenska","tag-sverige","tag-sweden","tag-swedish","tag-top-stories","tag-topstories","tag-valet-2026","tag-vansterpartiet"],"share_on_mastodon":{"url":"https:\/\/pubeurope.com\/@se\/117184026652517932","error":""},"_links":{"self":[{"href":"https:\/\/www.europesays.com\/se\/wp-json\/wp\/v2\/posts\/357866","targetHints":{"allow":["GET"]}}],"collection":[{"href":"https:\/\/www.europesays.com\/se\/wp-json\/wp\/v2\/posts"}],"about":[{"href":"https:\/\/www.europesays.com\/se\/wp-json\/wp\/v2\/types\/post"}],"author":[{"embeddable":true,"href":"https:\/\/www.europesays.com\/se\/wp-json\/wp\/v2\/users\/2"}],"replies":[{"embeddable":true,"href":"https:\/\/www.europesays.com\/se\/wp-json\/wp\/v2\/comments?post=357866"}],"version-history":[{"count":0,"href":"https:\/\/www.europesays.com\/se\/wp-json\/wp\/v2\/posts\/357866\/revisions"}],"wp:featuredmedia":[{"embeddable":true,"href":"https:\/\/www.europesays.com\/se\/wp-json\/wp\/v2\/media\/357867"}],"wp:attachment":[{"href":"https:\/\/www.europesays.com\/se\/wp-json\/wp\/v2\/media?parent=357866"}],"wp:term":[{"taxonomy":"category","embeddable":true,"href":"https:\/\/www.europesays.com\/se\/wp-json\/wp\/v2\/categories?post=357866"},{"taxonomy":"post_tag","embeddable":true,"href":"https:\/\/www.europesays.com\/se\/wp-json\/wp\/v2\/tags?post=357866"}],"curies":[{"name":"wp","href":"https:\/\/api.w.org\/{rel}","templated":true}]}}