{"id":357888,"date":"2026-08-30T11:00:14","date_gmt":"2026-08-30T11:00:14","guid":{"rendered":"https:\/\/www.europesays.com\/se\/357888\/"},"modified":"2026-08-30T11:00:14","modified_gmt":"2026-08-30T11:00:14","slug":"gamescom-2026-en-indieutvecklares-mimic-demostand-tomdes-over-natten","status":"publish","type":"post","link":"https:\/\/www.europesays.com\/se\/357888\/","title":{"rendered":"Gamescom 2026: En indieutvecklares Mimic-demost\u00e5nd t\u00f6mdes \u00f6ver natten"},"content":{"rendered":"<p class=\"bodytext\">Utrustning stals fr\u00e5n indieutvecklaren Ryan Laleys Gamescom-monter under natten, och han uppgav att hallens s\u00e4kerhetspersonal aldrig d\u00f6k upp. N\u00e5gon g\u00e5ng mellan torsdagskv\u00e4llen och fredagsmorgonen t\u00f6mdes den skr\u00e4ckinspirerade indieutvecklarens demomonter helt.&#13;<\/p>\n<p class=\"bodytext\">Ryan Laley uppgav att under natten mellan den 27 och 28 augusti stals hela hans indiedemouppst\u00e4llning, inklusive hans b\u00e4rbara dator, fr\u00e5n monter A10 i hall 4.1. Detta kan ha intr\u00e4ffat eftersom utst\u00e4llare under Gamescom vanligtvis l\u00e4mnar demomonterna som de \u00e4r ist\u00e4llet f\u00f6r att packa ihop dem.&#13;<\/p>\n<p>Inte den enda utvecklaren som drabbades p\u00e5 Gamescom<\/p>\n<p class=\"bodytext\">Laley var dock inte den enda utvecklaren som blev bestulen p\u00e5 sin utrustning; han uppgav att flera andra indieutvecklare och utst\u00e4llare ocks\u00e5 f\u00e5tt sina b\u00e4rbara datorer och sin utrustning stulna. Det exakta antalet \u00e4r fortfarande ok\u00e4nt, och Gamescoms arrang\u00f6rer har \u00e4nnu inte gjort n\u00e5got offentligt uttalande.&#13;<\/p>\n<p class=\"bodytext\">P\u00e5 torsdagen delade Ryan Laley ut Steam-nycklar till sitt skr\u00e4ckspel Mimic fr\u00e5n monter A10 i hall 4.1 p\u00e5 Gamescoms m\u00e4ssomr\u00e5de i K\u00f6ln, och p\u00e5 fredagseftermiddagen var montern tom. Inte bara demodatorn, utan \u00e4ven den b\u00e4rbara datorn som drev den, tillsammans med annan utrustning.&#13;<\/p>\n<p class=\"bodytext\">Gamescom 2026 p\u00e5g\u00e5r fr\u00e5n den 26 till den 30 augusti p\u00e5 m\u00e4ssomr\u00e5det Koelnmesse, och demomontern brukar h\u00e5lla \u00f6ppet ist\u00e4llet f\u00f6r att st\u00e4ngas under de fem dagarna i rad. Det \u00e4r s\u00e4kerhetspersonal, inte utst\u00e4llare, som sk\u00f6ter bevakningen av m\u00e4ssomr\u00e5det under natten.&#13;<\/p>\n<p class=\"bodytext\">Laley n\u00e4mnde inbrottet i hans <a href=\"https:\/\/x.com\/RyanLaley\/status\/2093280590996869487\" data-htmlarea-external=\"1\" rtekeep=\"1\" rel=\"nofollow\">Mimic-monter p\u00e5<\/a> fredag morgon, och hans vecka p\u00e5 Gamescom var \u00f6ver innan den ens hunnit n\u00e5 halvv\u00e4gs. Han sa:<\/p>\n<blockquote>\n<p class=\"bodytext\">\u201dMin Gamescom avbr\u00f6ts i f\u00f6rtid. V\u00e5r utrustning stals i g\u00e5r kv\u00e4ll fr\u00e5n montern. Polisanm\u00e4lan har gjorts. Jag saknar ord f\u00f6r att beskriva k\u00e4nslan. Bara helt nedslagen. Ska g\u00f6ra mitt b\u00e4sta med det som \u00e5terst\u00e5r av veckan. Men det \u00e4r ett enormt slag b\u00e5de ekonomiskt och psykiskt.\u201d<\/p>\n<\/blockquote>\n<p class=\"bodytext\">Han lade ocks\u00e5 upp en video d\u00e4r han ventilerade sina k\u00e4nslor kring h\u00e4ndelsen och sa: \u201dJa, s\u00e5 i praktiken \u00e4r min Gamescom \u00f6ver i f\u00f6rtid eftersom alla v\u00e5ra b\u00e4rbara datorer har stulits. Ja, v\u00e5r monter blev utsatt f\u00f6r ett inbrott i g\u00e5r kv\u00e4ll. Inte bara min, utan \u00e4ven andras. Alla v\u00e5ra b\u00e4rbara datorer har stulits.\u201d&#13;<\/p>\n<p class=\"bodytext\">Han fortsatte, medan han f\u00f6rs\u00f6kte beh\u00e5lla fattningen:<\/p>\n<blockquote>\n<p class=\"bodytext\">\u201dSom ensam indieutvecklare \u00e4r det h\u00e4r j\u00e4vligt dyrt, och sv\u00e5rt att klara helt p\u00e5 egen hand. Och att det h\u00e4r h\u00e4nder \u00e4r mer \u00e4n frustrerande. Det \u00e4r hj\u00e4rtsk\u00e4rande. Vi har anm\u00e4lt det till centrumledningen \u2013 det \u00e4r deras ansvar \u2013 och vi har anm\u00e4lt det till polisen. Jag f\u00f6rv\u00e4ntar mig f\u00f6rst\u00e5s inte att de ska hittas. De tog bara sj\u00e4lva b\u00e4rbara datorn, tillsammans med andras. S\u00e5 det \u00e4r inte bara min. Hela omr\u00e5det har blivit r\u00e5nat. I praktiken \u00e4r Gamescom \u00f6ver f\u00f6r min del.\u201d<\/p>\n<\/blockquote>\n<p class=\"bodytext\">Laley har inte tappat allt hopp. Han sa att han kommer att forts\u00e4tta arbeta p\u00e5 m\u00e4ssgolvet med det lilla han har kvar och se sitt indieprojekt, Mimic, till slut, eftersom spelets Steam-sida fortfarande ligger online.<\/p>\n","protected":false},"excerpt":{"rendered":"Utrustning stals fr\u00e5n indieutvecklaren Ryan Laleys Gamescom-monter under natten, och han uppgav att hallens s\u00e4kerhetspersonal aldrig d\u00f6k upp.&hellip;\n","protected":false},"author":2,"featured_media":357889,"comment_status":"","ping_status":"","sticky":false,"template":"","format":"standard","meta":{"footnotes":"","_share_on_mastodon":"0"},"categories":[66],"tags":[4414,7083,8064,10501,8713,10061,40777,31698,7084,40775,40778,7085,1277,5587,40776,3698,80,78,79,34,2054,1595,7268,5702,31,33,32,30,81,84,25598,40779,9083,83,82],"class_list":["post-357888","post","type-post","status-publish","format-standard","has-post-thumbnail","category-vetenskap-och-teknik","tag-4414","tag-barbar-dator","tag-barbara-datorer","tag-demo","tag-gamescom","tag-indie","tag-koelnmesse","tag-koln","tag-laptop","tag-mimic","tag-monter","tag-notebook","tag-polis","tag-ran","tag-ryanlaley","tag-sakerhet","tag-science","tag-science-and-technology","tag-scienceandtechnology","tag-se","tag-skrack","tag-spel","tag-steam","tag-stold","tag-svenska","tag-sverige","tag-sweden","tag-swedish","tag-technology","tag-teknik","tag-utrustning","tag-utstallare","tag-utvecklare","tag-vetenskap","tag-vetenskapteknik"],"share_on_mastodon":{"url":"https:\/\/pubeurope.com\/@se\/117184117317656823","error":""},"_links":{"self":[{"href":"https:\/\/www.europesays.com\/se\/wp-json\/wp\/v2\/posts\/357888","targetHints":{"allow":["GET"]}}],"collection":[{"href":"https:\/\/www.europesays.com\/se\/wp-json\/wp\/v2\/posts"}],"about":[{"href":"https:\/\/www.europesays.com\/se\/wp-json\/wp\/v2\/types\/post"}],"author":[{"embeddable":true,"href":"https:\/\/www.europesays.com\/se\/wp-json\/wp\/v2\/users\/2"}],"replies":[{"embeddable":true,"href":"https:\/\/www.europesays.com\/se\/wp-json\/wp\/v2\/comments?post=357888"}],"version-history":[{"count":0,"href":"https:\/\/www.europesays.com\/se\/wp-json\/wp\/v2\/posts\/357888\/revisions"}],"wp:featuredmedia":[{"embeddable":true,"href":"https:\/\/www.europesays.com\/se\/wp-json\/wp\/v2\/media\/357889"}],"wp:attachment":[{"href":"https:\/\/www.europesays.com\/se\/wp-json\/wp\/v2\/media?parent=357888"}],"wp:term":[{"taxonomy":"category","embeddable":true,"href":"https:\/\/www.europesays.com\/se\/wp-json\/wp\/v2\/categories?post=357888"},{"taxonomy":"post_tag","embeddable":true,"href":"https:\/\/www.europesays.com\/se\/wp-json\/wp\/v2\/tags?post=357888"}],"curies":[{"name":"wp","href":"https:\/\/api.w.org\/{rel}","templated":true}]}}