{"id":357890,"date":"2026-08-30T11:03:14","date_gmt":"2026-08-30T11:03:14","guid":{"rendered":"https:\/\/www.europesays.com\/se\/357890\/"},"modified":"2026-08-30T11:03:14","modified_gmt":"2026-08-30T11:03:14","slug":"vadret-vecka-36-2026-regn-och-nya-lagtryck","status":"publish","type":"post","link":"https:\/\/www.europesays.com\/se\/357890\/","title":{"rendered":"V\u00e4dret vecka 36 2026: Regn och nya l\u00e5gtryck"},"content":{"rendered":"<p class=\"wp-block-paragraph\">Vecka 36, den 31 augusti\u20136 september, ser ut att bli ostadig i stora delar av Sverige. Nya l\u00e5gtryck och fronter v\u00e4ntas f\u00f6ra in regn och skurar i omg\u00e5ngar, med st\u00f6rst risk f\u00f6r \u00e5terkommande nederb\u00f6rd i Halland, l\u00e4ngs v\u00e4stkusten, i de v\u00e4stra fj\u00e4lltrakterna och i delar av norra Sverige. Det betyder d\u00e4remot inte att det regnar hela tiden eller \u00f6verallt \u2013 \u00f6stra Svealand och \u00f6stra G\u00f6taland kan f\u00e5 betydligt l\u00e4ngre torra perioder.<\/p>\n<p>Nya regnomr\u00e5den drar in \u00f6ver Sverige<\/p>\n<p class=\"wp-block-paragraph\">Efter fredagens kraftiga \u00e5skov\u00e4der p\u00e5 v\u00e4stkusten ligger Sverige kvar i ett \u00e5terkommande l\u00e5gtrycksl\u00e4ge. Ov\u00e4dret f\u00f6rde med sig regn, h\u00e5rda vindbyar och m\u00e5nga blixtar i G\u00f6teborgsomr\u00e5det. En gul varning utf\u00e4rdades och Ullevi utrymdes inf\u00f6r Swedish House Mafias konsert, som senare <a href=\"https:\/\/hurbra.se\/swedish-house-mafia-aterbetalning-28-augusti-2026\/\" rel=\"nofollow noopener\" target=\"_blank\">st\u00e4lldes in p\u00e5 grund av ov\u00e4dret<\/a>.<\/p>\n<p class=\"wp-block-paragraph\">Under den nya veckan \u00e4r v\u00e4derl\u00e4get mindre dramatiskt men fortsatt instabilt. Ett omfattande l\u00e5gtrycksomr\u00e5de \u00f6ver Skandinavien, med centrum \u00f6ver Norska havet, h\u00e5ller kvar fuktig luft. Samtidigt v\u00e4ntas ett mindre l\u00e5gtryck r\u00f6ra sig fr\u00e5n Nordsj\u00f6n in \u00f6ver s\u00f6dra Sverige. F\u00f6ljden blir flera regnomr\u00e5den som passerar landet, med torrare luckor mellan skurarna.<\/p>\n<p class=\"wp-block-paragraph\">Prognosen \u00e4r s\u00e4krast f\u00f6r de f\u00f6rsta dagarna. Exakt var de st\u00f6rsta regnm\u00e4ngderna hamnar senare under veckan beror p\u00e5 l\u00e5gtryckens banor och kan d\u00e4rf\u00f6r \u00e4ndras.<\/p>\n<p>V\u00e4dret dag f\u00f6r dag under vecka 36<\/p>\n<tr>PeriodPrognos<\/tr>\n<tr>\n<td>M\u00e5ndag 31 augusti<\/td>\n<td>Ett mindre l\u00e5gtryck n\u00e5r s\u00f6dra Sverige v\u00e4sterifr\u00e5n. Regn ber\u00f6r G\u00f6taland, men det kan bli l\u00e4ngre uppeh\u00e5ll i de \u00f6stra och inre delarna. I de v\u00e4stra fj\u00e4lltrakterna kan nederb\u00f6rden bli mer ih\u00e5llande.<\/td>\n<\/tr>\n<tr>\n<td>Tisdag\u2013onsdag 1\u20132 september<\/td>\n<td>Regn och fronter r\u00f6r sig norrut \u00f6ver Svealand och Norrland. I G\u00f6taland \u00f6verg\u00e5r v\u00e4dret mer i skurar. Onsdag har det tydligaste regnsignalen f\u00f6r Halland och delar av v\u00e4stra och s\u00f6dra Sverige.<\/td>\n<\/tr>\n<tr>\n<td>Torsdag\u2013fredag 3\u20134 september<\/td>\n<td>L\u00e5gtrycken forts\u00e4tter att styra v\u00e4dret och nya regnband kan passera. Halland, v\u00e4stra G\u00f6taland, fj\u00e4llen och delar av norra Sverige har st\u00f6rst risk f\u00f6r regn. \u00d6stra Svealand och nord\u00f6stra G\u00f6taland kan f\u00e5 betydligt torrare v\u00e4der.<\/td>\n<\/tr>\n<tr>\n<td>Helgen 5\u20136 september<\/td>\n<td>N\u00e5gon s\u00e4ker stabilisering f\u00f6r hela landet syns inte. Regn och skurar v\u00e4ntas fr\u00e4mst i v\u00e4ster och norr, medan \u00f6stra och centrala Sverige kan f\u00e5 ganska l\u00e5nga torra perioder. Os\u00e4kerheten \u00e4r st\u00f6rre \u00e4n f\u00f6r vardagarna.<\/td>\n<\/tr>\n<p>Halland och fj\u00e4lltrakterna ser bl\u00f6tast ut<\/p>\n<p class=\"wp-block-paragraph\">Halland framst\u00e5r som ett av veckans bl\u00f6taste omr\u00e5den. Den aktuella punktprognosen f\u00f6r Halmstad ger omkring 20 millimeter regn under veckan, med nederb\u00f6rd varje dag fr\u00e5n onsdag till s\u00f6ndag. I G\u00f6teborg \u00e4r motsvarande m\u00e4ngd omkring 4 millimeter, fr\u00e4mst mellan onsdag och fredag.<\/p>\n<p class=\"wp-block-paragraph\">\u00c4ven de v\u00e4stra fj\u00e4lltrakterna och delar av l\u00e4ngst i norr kan f\u00e5 \u00e5terkommande regn. F\u00f6r \u00c5re visar prognosen knappt 12 millimeter, medan Vietas i G\u00e4llivare kommun ligger p\u00e5 omkring 15 millimeter. Malm\u00f6 kan f\u00e5 cirka 8 millimeter, huvudsakligen under veckans andra h\u00e4lft.<\/p>\n<p class=\"wp-block-paragraph\">Skillnaden mellan v\u00e4stra och \u00f6stra Sverige \u00e4r tydlig i prognosen. Stockholm ligger p\u00e5 mindre \u00e4n 1 millimeter f\u00f6r hela veckan och Norrk\u00f6pings dagliga prognos visar ingen m\u00e4tbar nederb\u00f6rd. Det utesluter inte en lokal skur, men talar f\u00f6r l\u00e4ngre torra avsnitt i \u00f6ster.<\/p>\n<p class=\"wp-block-paragraph\">M\u00e4ngderna \u00e4r modellber\u00e4kningar f\u00f6r enskilda platser, inte h\u00f6gsta m\u00f6jliga m\u00e4ngd i respektive region. En kraftig skur kan lokalt ge mer regn, och siffrorna kan flyttas n\u00e4r l\u00e5gtryckens banor blir tydligare.<\/p>\n<p>Svalare fr\u00e5n mitten av veckan<\/p>\n<p class=\"wp-block-paragraph\">Veckan inleds med temperaturer p\u00e5 ungef\u00e4r 18\u201322 grader i s\u00f6dra och mellersta Sverige. I norr v\u00e4ntas dagstemperaturer p\u00e5 omkring 12\u201318 grader.<\/p>\n<p class=\"wp-block-paragraph\">Fr\u00e5n mitten av veckan blir det n\u00e5got svalare. I s\u00f6der hamnar temperaturen oftast mellan 15 och 19 grader, medan stora delar av Norrland f\u00e5r 10\u201316 grader. I de nordligaste fj\u00e4lltrakterna kan dagstemperaturen sjunka under 10 grader mot fredag och helgen.<\/p>\n<p>Ingen ny landvarning f\u00f6r veckans regn<\/p>\n<p class=\"wp-block-paragraph\">Klockan 10.11 p\u00e5 s\u00f6ndagen fanns ingen SMHI-varning p\u00e5 land som g\u00e4llde den kommande veckans nya regnomr\u00e5den. D\u00e4remot ligger flera andra varningar och meddelanden kvar.<\/p>\n<p class=\"wp-block-paragraph\">En orange varning f\u00f6r h\u00f6ga fl\u00f6den g\u00e4ller runt Buddbytr\u00e4sket, Bodtr\u00e4sket, Svartbytr\u00e4sket och Ljus\u00e5n i Bodens kommun. Vattenniv\u00e5erna \u00e4r en f\u00f6ljd av tidigare regn och uppges vara n\u00e4ra kulmen eller l\u00e5ngsamt sjunkande. Omr\u00e5det har redan drabbats av <a href=\"https:\/\/hurbra.se\/oversvamning-norrbotten-23-augusti-2026\/\" rel=\"nofollow noopener\" target=\"_blank\">\u00f6versv\u00e4mningar i Norrbotten<\/a>.<\/p>\n<p class=\"wp-block-paragraph\">Till havs g\u00e4ller gula kulingvarningar f\u00f6r s\u00f6dra och sydv\u00e4stra \u00d6stersj\u00f6n under s\u00f6ndagseftermiddagen och kv\u00e4llen, med v\u00e4stliga eller sydv\u00e4stliga vindar p\u00e5 14\u201317 meter per sekund. Vindarna v\u00e4ntas avta under kv\u00e4llen och natten.<\/p>\n<p class=\"wp-block-paragraph\">Samtidigt finns ett meddelande om stor till lokalt extrem brandrisk i delar av nord\u00f6stra G\u00f6taland och \u00f6stra Svealand till och med onsdag. Regn eller skurar kan d\u00e4mpa risken, men de torra omr\u00e5dena v\u00e4ntas inte f\u00e5 lika mycket nederb\u00f6rd. Meddelanden om vattenbrist och l\u00e5ga grundvattenniv\u00e5er finns ocks\u00e5 kvar i flera sydliga l\u00e4n. N\u00e5gra regndagar inneb\u00e4r inte automatiskt att underskotten f\u00f6rsvinner.<\/p>\n<p class=\"wp-block-paragraph\">Varningsl\u00e4get kan \u00e4ndras snabbt. Den som ber\u00f6rs b\u00f6r d\u00e4rf\u00f6r kontrollera <a href=\"https:\/\/www.smhi.se\/vader\/prognoser-och-varningar\/varningar-och-meddelanden\" rel=\"nofollow noopener\" target=\"_blank\">SMHI:s aktuella varningar och meddelanden<\/a>, s\u00e4rskilt inf\u00f6r resor eller aktiviteter utomhus.<\/p>\n<p>N\u00e4r stabiliseras v\u00e4dret?<\/p>\n<p class=\"wp-block-paragraph\">Det finns \u00e4nnu ingen tydlig tidpunkt d\u00e5 h\u00f6gtryck och stabilt v\u00e4der tar \u00f6ver i hela Sverige. L\u00e5gtrycksl\u00e4get kan h\u00e5lla i sig fram till och under n\u00e4sta helg. D\u00e4remot kan \u00f6stra G\u00f6taland, \u00f6stra Svealand och delar av mellersta Sverige f\u00e5 l\u00e4ngre uppeh\u00e5ll redan under vardagarna.<\/p>\n<p class=\"wp-block-paragraph\">Den korta sammanfattningen \u00e4r d\u00e4rf\u00f6r en regnig och ombytlig vecka nationellt, men inte en vecka med oavbrutet regn. V\u00e4st och norr ser ut att f\u00e5 de t\u00e4taste regnomg\u00e5ngarna, medan m\u00e5nga platser i \u00f6ster kan klara sig med begr\u00e4nsad nederb\u00f6rd.<\/p>\n","protected":false},"excerpt":{"rendered":"Vecka 36, den 31 augusti\u20136 september, ser ut att bli ostadig i stora delar av Sverige. Nya l\u00e5gtryck&hellip;\n","protected":false},"author":2,"featured_media":357891,"comment_status":"","ping_status":"","sticky":false,"template":"","format":"standard","meta":{"footnotes":"","_share_on_mastodon":"0"},"categories":[12],"tags":[22,23,26,27,17,21,40780,24,25,28,29,15,16,27746,18,34,842,31,33,32,30,19,20,693,40781],"class_list":["post-357890","post","type-post","status-publish","format-standard","has-post-thumbnail","category-sverige","tag-breaking-news","tag-breakingnews","tag-featured-news","tag-featurednews","tag-headlines","tag-huvudnyheter","tag-lagtryck","tag-latest-news","tag-latestnews","tag-main-news","tag-mainnews","tag-news","tag-nyheter","tag-regn","tag-rubriker","tag-se","tag-smhi","tag-svenska","tag-sverige","tag-sweden","tag-swedish","tag-top-stories","tag-topstories","tag-vader","tag-vecka-36"],"share_on_mastodon":{"url":"https:\/\/pubeurope.com\/@se\/117184128999046607","error":""},"_links":{"self":[{"href":"https:\/\/www.europesays.com\/se\/wp-json\/wp\/v2\/posts\/357890","targetHints":{"allow":["GET"]}}],"collection":[{"href":"https:\/\/www.europesays.com\/se\/wp-json\/wp\/v2\/posts"}],"about":[{"href":"https:\/\/www.europesays.com\/se\/wp-json\/wp\/v2\/types\/post"}],"author":[{"embeddable":true,"href":"https:\/\/www.europesays.com\/se\/wp-json\/wp\/v2\/users\/2"}],"replies":[{"embeddable":true,"href":"https:\/\/www.europesays.com\/se\/wp-json\/wp\/v2\/comments?post=357890"}],"version-history":[{"count":0,"href":"https:\/\/www.europesays.com\/se\/wp-json\/wp\/v2\/posts\/357890\/revisions"}],"wp:featuredmedia":[{"embeddable":true,"href":"https:\/\/www.europesays.com\/se\/wp-json\/wp\/v2\/media\/357891"}],"wp:attachment":[{"href":"https:\/\/www.europesays.com\/se\/wp-json\/wp\/v2\/media?parent=357890"}],"wp:term":[{"taxonomy":"category","embeddable":true,"href":"https:\/\/www.europesays.com\/se\/wp-json\/wp\/v2\/categories?post=357890"},{"taxonomy":"post_tag","embeddable":true,"href":"https:\/\/www.europesays.com\/se\/wp-json\/wp\/v2\/tags?post=357890"}],"curies":[{"name":"wp","href":"https:\/\/api.w.org\/{rel}","templated":true}]}}