{"id":357898,"date":"2026-08-30T11:08:11","date_gmt":"2026-08-30T11:08:11","guid":{"rendered":"https:\/\/www.europesays.com\/se\/357898\/"},"modified":"2026-08-30T11:08:11","modified_gmt":"2026-08-30T11:08:11","slug":"xbox-vdn-sager-att-nasta-generations-project-helix-kommer-att-bli-en-familj-av-enheter-vilket-antyder-ytterligare-en-xbox-series-s-x-liknande-produktlinje","status":"publish","type":"post","link":"https:\/\/www.europesays.com\/se\/357898\/","title":{"rendered":"Xbox-vd:n s\u00e4ger att n\u00e4sta generations Project Helix kommer att bli en \u201dfamilj av enheter\u201d, vilket antyder ytterligare en Xbox Series S-|-X-liknande produktlinje"},"content":{"rendered":"<p class=\"bodytext\">Enligt Xbox-vd:n Asha Sharma kommer den tionde generationens Xbox, Project Helix, att lanseras som en \u201dfamilj av enheter\u201d. Ut\u00f6ver det \u00e4r inte mycket k\u00e4nt om priset eller lanseringstidpunkten f\u00f6r produktserien.&#13;<\/p>\n<p class=\"bodytext\">Asha Sharma ber\u00e4ttade f\u00f6r BBC att Microsofts kommande tionde generationens konsol inte kommer att best\u00e5 av en enda maskin. Ut\u00f6ver det h\u00e5ller Microsoft tyst om projektet.&#13;<\/p>\n<p class=\"bodytext\">I ett samtal med <a href=\"https:\/\/www.youtube.com\/watch?v=txuYKwrbq1M\" data-htmlarea-external=\"1\" rtekeep=\"1\" rel=\"nofollow noopener\" target=\"_blank\">BBC:s Laura Cress<\/a> p\u00e5 Gamescom i K\u00f6ln, Tyskland, sa Sharma att Project Helix inte kommer att best\u00e5 av en enda enhet, till skillnad fr\u00e5n vad som verkade antydas vid presentationen i mars. Den troliga strategin verkar vara att Xbox kommer att lansera en serie hemkonsoler liknande Xbox Series S och X.&#13;<\/p>\n<p>Erbjudanden i flera prisklasser<\/p>\n<p class=\"bodytext\">Project Helix kan komma att lanseras med flera olika arkitekturer i olika prisklasser, s\u00e5 en billigare, budgetv\u00e4nlig variant kan vara p\u00e5 g\u00e5ng om Xbox och Microsoft beslutar sig f\u00f6r att s\u00e4nka priset genom att ta p\u00e5 sig en del av komponentkostnaderna.&#13;<\/p>\n<p class=\"bodytext\">\u00c4nd\u00e5 best\u00e5r Project Helix fortfarande av en rad intervjuer, citat, rykten och rapporter, utan bekr\u00e4ftat pris, lanseringsdatum eller l\u00f6fte om en skivspelare. Dessutom kommer alfa-utvecklingsh\u00e5rdvaran inte att n\u00e5 studior och utvecklare f\u00f6rr\u00e4n tidigast 2027.&#13;<\/p>\n<p class=\"bodytext\">Allt vi vet hittills \u00e4r vad Asha Sharma meddelade om Project Helix i mars, n\u00e4r Microsoft avsl\u00f6jade sin n\u00e4sta generations spelkonsol p\u00e5 sociala medier under projektets kodnamn och med ett enda l\u00f6fte.&#13;<\/p>\n<p class=\"bodytext\">Hon sa att den skulle kunna k\u00f6ra b\u00e5de Xbox- och PC-spel och att den skulle anv\u00e4nda en specialanpassad processor i samarbete med AMD. Nu, fem m\u00e5nader senare, har kodnamnet blivit plural och marknadsf\u00f6rs som en familj av enheter, en dubbelhelix, s\u00e5 att s\u00e4ga.&#13;<\/p>\n<p>Inte m\u00e5nga detaljer ut\u00f6ver det som redan har avsl\u00f6jats<\/p>\n<p class=\"bodytext\">I BBC-intervjun svarade Asha Sharma: \u201dVi delar inte med oss av mer information om Helix\u201d, n\u00e4r hon tillfr\u00e5gades om den skulle ha en skivspelare. Hon fortsatte: \u201dMen h\u00f6r h\u00e4r, vi har arbetat h\u00e5rt med en fantastisk generation och en fantastisk familj av enheter f\u00f6r Helix, och vi kommer att dela med oss av mer snart.\u201d&#13;<\/p>\n<p class=\"bodytext\">En uppdelad Project Helix-serie kan vara v\u00e4gen fram\u00e5t, eftersom det skulle skapa ett prisv\u00e4rt alternativ vid lanseringen, ist\u00e4llet f\u00f6r att s\u00e4nka priset p\u00e5 flaggskeppet i efterhand n\u00e4r k\u00f6parna redan har avskr\u00e4ckts av det ursprungliga priset.&#13;<\/p>\n<p class=\"bodytext\">\u201dEnhetsfamiljen\u201d kommer troligen att f\u00f6lja ett uppl\u00e4gg liknande Xbox Series S-|-X-sortimentet, med ytterligare modeller i bagaget. F\u00f6r tillf\u00e4llet \u00e4r det fr\u00e4mst terminologin kring Microsofts n\u00e4sta spelkonsol som har f\u00f6r\u00e4ndrats, som Sharma uttryckte det, medan sj\u00e4lva konsolen eller sortimentet kan f\u00f6rbli of\u00f6r\u00e4ndrat.&#13;<\/p>\n<p class=\"bodytext\"><a href=\"https:\/\/www.amazon.com\/Microsoft-Xbox-Gaming-Console-video-game\/dp\/B08H75RTZ8?tag=nbcnewsnet-20\" target=\"_blank\" rel=\"sponsored nofollow noopener\" data-htmlarea-external=\"1\" rtekeep=\"1\">K\u00f6p en Xbox Series X p\u00e5 Amazon h\u00e4r<\/a><\/p>\n","protected":false},"excerpt":{"rendered":"Enligt Xbox-vd:n Asha Sharma kommer den tionde generationens Xbox, Project Helix, att lanseras som en \u201dfamilj av enheter\u201d.&hellip;\n","protected":false},"author":2,"featured_media":357899,"comment_status":"","ping_status":"","sticky":false,"template":"","format":"standard","meta":{"footnotes":"","_share_on_mastodon":"0"},"categories":[66],"tags":[735,390,20550,7083,8713,21403,7084,30720,7085,7276,20822,80,78,79,34,21978,7485,31,33,32,30,81,84,83,82,2635,7299,7300,24167],"class_list":["post-357898","post","type-post","status-publish","format-standard","has-post-thumbnail","category-vetenskap-och-teknik","tag-microsoft","tag-amd","tag-asha-sharma","tag-barbar-dator","tag-gamescom","tag-konsolspel","tag-laptop","tag-nasta-generations-xbox","tag-notebook","tag-pc-spel","tag-project-helix","tag-science","tag-science-and-technology","tag-scienceandtechnology","tag-se","tag-spelkonsol","tag-spelnyheter","tag-svenska","tag-sverige","tag-sweden","tag-swedish","tag-technology","tag-teknik","tag-vetenskap","tag-vetenskapteknik","tag-xbox","tag-xbox-series-s","tag-xbox-series-x","tag-xbox-hardvara"],"share_on_mastodon":{"url":"","error":"Validation failed: Text character limit of 500 exceeded"},"_links":{"self":[{"href":"https:\/\/www.europesays.com\/se\/wp-json\/wp\/v2\/posts\/357898","targetHints":{"allow":["GET"]}}],"collection":[{"href":"https:\/\/www.europesays.com\/se\/wp-json\/wp\/v2\/posts"}],"about":[{"href":"https:\/\/www.europesays.com\/se\/wp-json\/wp\/v2\/types\/post"}],"author":[{"embeddable":true,"href":"https:\/\/www.europesays.com\/se\/wp-json\/wp\/v2\/users\/2"}],"replies":[{"embeddable":true,"href":"https:\/\/www.europesays.com\/se\/wp-json\/wp\/v2\/comments?post=357898"}],"version-history":[{"count":0,"href":"https:\/\/www.europesays.com\/se\/wp-json\/wp\/v2\/posts\/357898\/revisions"}],"wp:featuredmedia":[{"embeddable":true,"href":"https:\/\/www.europesays.com\/se\/wp-json\/wp\/v2\/media\/357899"}],"wp:attachment":[{"href":"https:\/\/www.europesays.com\/se\/wp-json\/wp\/v2\/media?parent=357898"}],"wp:term":[{"taxonomy":"category","embeddable":true,"href":"https:\/\/www.europesays.com\/se\/wp-json\/wp\/v2\/categories?post=357898"},{"taxonomy":"post_tag","embeddable":true,"href":"https:\/\/www.europesays.com\/se\/wp-json\/wp\/v2\/tags?post=357898"}],"curies":[{"name":"wp","href":"https:\/\/api.w.org\/{rel}","templated":true}]}}