{"id":358024,"date":"2026-08-30T13:11:21","date_gmt":"2026-08-30T13:11:21","guid":{"rendered":"https:\/\/www.europesays.com\/se\/358024\/"},"modified":"2026-08-30T13:11:21","modified_gmt":"2026-08-30T13:11:21","slug":"ny-forskning-80-aringar-mar-battre-an-20-aringar","status":"publish","type":"post","link":"https:\/\/www.europesays.com\/se\/358024\/","title":{"rendered":"Ny forskning: 80-\u00e5ringar m\u00e5r b\u00e4ttre \u00e4n 20-\u00e5ringar"},"content":{"rendered":"<p>20-\u00e5ringar k\u00e4nner sig mer ensamma<\/p>\n<p>Tidigare forskning har enligt forskarna inte visat n\u00e5gra stora skillnader i v\u00e4lbefinnande mellan yngre och \u00e4ldre svenskar.<\/p>\n<p>Men efter pandemin verkar n\u00e5got ha f\u00f6r\u00e4ndrats.<\/p>\n<p>Sedan 2020 har \u00e5ldern blivit en betydligt viktigare faktor f\u00f6r att f\u00f6rklara hur n\u00f6jda m\u00e4nniskor \u00e4r med sina liv. I dag k\u00e4nner sig svenskar i 20-\u00e5rs\u00e5ldern mer ensamma \u00e4n personer som \u00e4r 80 \u00e5r.<\/p>\n<p>En m\u00f6jlig f\u00f6rklaring, enligt forskarna, \u00e4r att \u00e4ldre m\u00e4nniskor ofta har b\u00e4ttre koll p\u00e5 vilka relationer som verkligen betyder mest.<\/p>\n<p>\u201cEn hypotes vi har \u00e4r att \u00e4ldre vet lite b\u00e4ttre vilka deras n\u00e4ra v\u00e4nner \u00e4r\u201d, s\u00e4ger August Nilsson.<\/p>\n<p>Under pandemin f\u00f6rsvann m\u00e5nga av de stora sociala sammanhangen f\u00f6r yngre m\u00e4nniskor, medan \u00e4ldre kanske redan hade mer etablerade och n\u00e4ra relationer.<\/p>\n<p>\u00c4ldre oroar sig mindre<\/p>\n<p>Forskarna har \u00e4nnu inget s\u00e4kert svar p\u00e5 varf\u00f6r \u00e4ldre svenskar m\u00e5r b\u00e4ttre i dag \u00e4n tidigare. Men studien visar tydligt n\u00e5gra saker som skiljer generationerna \u00e5t.<\/p>\n<p>\u00c4ldre \u00e4r generellt mer n\u00f6jda med sina v\u00e4nner och n\u00e4ra relationer. De \u00e4r ocks\u00e5 mer emotionellt stabila och oroar sig mindre i on\u00f6dan.<\/p>\n<p>Det \u00e4r en bild som g\u00e5r emot den vanliga f\u00f6rest\u00e4llningen om att livet automatiskt blir s\u00e4mre med stigande \u00e5lder.<\/p>\n<p>Prioritera sociala relationer<\/p>\n<p>Forskarna lyfter ocks\u00e5 fram n\u00e5gra faktorer som verkar vara viktiga f\u00f6r v\u00e5rt v\u00e4lbefinnande.<\/p>\n<p>Att prioritera sociala relationer \u00e4r en av dem. \u00c4ven fysisk aktivitet och meningsfulla aktiviteter i vardagen kan bidra till att man m\u00e5r b\u00e4ttre.<\/p>\n<p>Pengar tycks d\u00e4remot inte spela n\u00e5gon avg\u00f6rande roll f\u00f6r lyckan i sig \u2013 men de kan g\u00f6ra skillnad om de anv\u00e4nds till s\u00e5dant som st\u00e4rker relationer och social gemenskap.<\/p>\n<p><strong>L\u00e4s mer p\u00e5 News55:<\/strong><\/p>\n<p><a href=\"https:\/\/www.news55.se\/samhalle\/nya-regler-for-pensionarer-ett-misstag-for-2-368-kronor\/\" rel=\"nofollow noopener\" target=\"_blank\">Nya regler f\u00f6r pension\u00e4rer \u2013 ett misstag f\u00f6r 2 368 kronor<\/a><\/p>\n<p><a href=\"https:\/\/www.news55.se\/livsstil\/towa-carson-90-forlorade-bada-sina-barn-berattar-om-sorgen\/\" rel=\"nofollow noopener\" target=\"_blank\">Towa Carson, 90, f\u00f6rlorade b\u00e5da sina barn \u2013 ber\u00e4ttar om sorgen<\/a><\/p>\n<p><a href=\"https:\/\/www.news55.se\/halsa\/standigt-trott-det-har-vardet-i-blodet-kan-vara-vart-att-kolla\/\" rel=\"nofollow noopener\" target=\"_blank\">\u201dSt\u00e4ndigt tr\u00f6tt? Det h\u00e4r v\u00e4rdet i blodet kan vara v\u00e4rt att kolla<\/a><\/p>\n<p>L\u00e4s mer fr\u00e5n News55 &#8211; v\u00e5rt nyhetsbrev \u00e4r kostnadsfritt:Prenumerera<\/p>\n","protected":false},"excerpt":{"rendered":"20-\u00e5ringar k\u00e4nner sig mer ensamma Tidigare forskning har enligt forskarna inte visat n\u00e5gra stora skillnader i v\u00e4lbefinnande mellan&hellip;\n","protected":false},"author":2,"featured_media":358025,"comment_status":"","ping_status":"","sticky":false,"template":"","format":"standard","meta":{"footnotes":"","_share_on_mastodon":"0"},"categories":[5],"tags":[22,23,26,27,632,113,17,21,24,25,724,40801,28,29,15,16,18,34,31,33,32,30,19,20],"class_list":["post-358024","post","type-post","status-publish","format-standard","has-post-thumbnail","category-rubriker","tag-breaking-news","tag-breakingnews","tag-featured-news","tag-featurednews","tag-forskning","tag-halsa","tag-headlines","tag-huvudnyheter","tag-latest-news","tag-latestnews","tag-lunds-universitet","tag-maende","tag-main-news","tag-mainnews","tag-news","tag-nyheter","tag-rubriker","tag-se","tag-svenska","tag-sverige","tag-sweden","tag-swedish","tag-top-stories","tag-topstories"],"share_on_mastodon":{"url":"https:\/\/pubeurope.com\/@se\/117184632333816906","error":""},"_links":{"self":[{"href":"https:\/\/www.europesays.com\/se\/wp-json\/wp\/v2\/posts\/358024","targetHints":{"allow":["GET"]}}],"collection":[{"href":"https:\/\/www.europesays.com\/se\/wp-json\/wp\/v2\/posts"}],"about":[{"href":"https:\/\/www.europesays.com\/se\/wp-json\/wp\/v2\/types\/post"}],"author":[{"embeddable":true,"href":"https:\/\/www.europesays.com\/se\/wp-json\/wp\/v2\/users\/2"}],"replies":[{"embeddable":true,"href":"https:\/\/www.europesays.com\/se\/wp-json\/wp\/v2\/comments?post=358024"}],"version-history":[{"count":0,"href":"https:\/\/www.europesays.com\/se\/wp-json\/wp\/v2\/posts\/358024\/revisions"}],"wp:featuredmedia":[{"embeddable":true,"href":"https:\/\/www.europesays.com\/se\/wp-json\/wp\/v2\/media\/358025"}],"wp:attachment":[{"href":"https:\/\/www.europesays.com\/se\/wp-json\/wp\/v2\/media?parent=358024"}],"wp:term":[{"taxonomy":"category","embeddable":true,"href":"https:\/\/www.europesays.com\/se\/wp-json\/wp\/v2\/categories?post=358024"},{"taxonomy":"post_tag","embeddable":true,"href":"https:\/\/www.europesays.com\/se\/wp-json\/wp\/v2\/tags?post=358024"}],"curies":[{"name":"wp","href":"https:\/\/api.w.org\/{rel}","templated":true}]}}